{"id":3971,"date":"2024-02-17T12:45:46","date_gmt":"2024-02-17T09:45:46","guid":{"rendered":"http:\/\/al-mostabserin.com\/turkish\/?p=3971"},"modified":"2024-02-17T12:45:46","modified_gmt":"2024-02-17T09:45:46","slug":"emirel-muminin-alinin-as-hayat","status":"publish","type":"post","link":"https:\/\/al-mostabserin.com\/turkish\/3971\/","title":{"rendered":"Emirel-M\u00fcminin Alinin (as) Hayat?"},"content":{"rendered":"<p style=\"text-align: center;\"><img loading=\"lazy\" decoding=\"async\" class=\"alignnone size-medium wp-image-3972\" src=\"http:\/\/al-mostabserin.com\/turkish\/wp-content\/uploads\/2024\/02\/images-300x156.jpg\" alt=\"\" width=\"300\" height=\"156\" srcset=\"https:\/\/al-mostabserin.com\/turkish\/wp-content\/uploads\/2024\/02\/images-300x156.jpg 300w, https:\/\/al-mostabserin.com\/turkish\/wp-content\/uploads\/2024\/02\/images.jpg 312w\" sizes=\"auto, (max-width: 300px) 100vw, 300px\" \/><\/p>\n<p>?mam Ali (a.s) 30. Fil y?l?nda, Recep ay?n?n 13. g\u00fcn\u00fc K\u00e2be\u2019de d\u00fcnyaya geldi. Annesi Esed k?z? Fat?ma ve babas? Ebu Talib\u2019dir. Hicri 40 y?l?, Ramazan ay?n?n 21 de K\u00fcfe ?ehrinde ?ahadet mertebesine erdi. M\u00fcbarek t\u00fcrbesi Irak\u2019?n Necef-i E?ref kentinde bulunmaktad?r.<!--more--><\/p>\n<p>Hz. Ali\u2019nin (as) Ya?am?ndan Kesitler<\/p>\n<p>M\u00fcminlerin Emiri\u2019nin (a.s) ?slam Peygamberi\u2019nin (s.a.a) Bi\u2019setinden (Peygamber olu?undan) on y?l ?nce d\u00fcnyaya g?zlerini a\u00e7t???, ?slam tarihi olu?urken b\u00fct\u00fcn geli?melerde Efendimiz Resulullah\u2019?n yan?nda oldu?u ve onun vefat?ndan sonra otuz y?l ya?ad??? dikkate al?nd???nda, 63 y?ll?k ?mr\u00fcn\u00fc be? b?l\u00fcme ay?rabiliriz:<\/p>\n<p>&#8211; Do?umdan Peygamber\u2019in Bi\u2019setine kadar olan d?nem.<\/p>\n<p>&#8211; Bi\u2019setten Peygamber\u2019in Medine\u2019ye hicret edi?ine kadar olan d?nem.<\/p>\n<p>&#8211; Peygamber\u2019in vefat?ndan kendi hilafetinin ba?lang?c?na kadar olan d?nem.<\/p>\n<p>&#8211; ?mam Ali\u2019nin halifelik d?nemi.<\/p>\n<p>Yukar?da da de?indi?imiz gibi e?er imam Ali\u2019nin (a.s) ya?am?n? be? b?l\u00fcme ay?racak olursak, ilk b?l\u00fcm\u00fcn\u00fc, Peygamber\u2019in Bi\u2019setinden ?nceki ya?am? olu?turmaktad?r. ?mam\u2019?n bu b?l\u00fcmdeki ya?am s\u00fcresi on y?l? ge\u00e7mektedir. C\u00fcnk\u00fc ?mam Ali (a.s) d\u00fcnyaya g?zlerini a\u00e7t??? zaman Peygamber Efendimiz daha otuz<\/p>\n<p>ya??nda idi. Peygamberimiz k?rk ya??nda peygamberlikle g?revlendirildi?ine g?re; ?mam Ali, Peygamber\u2019in bi\u2019seti s?ras?nda on ya??n \u00fcst\u00fcnde de?ildi.<\/p>\n<p>?mam Ali (a.s) ruhsal ve ki?ilik yap?s?n?n olgunla?t??? ve her t\u00fcrl\u00fc terbiyeye yatk?n oldu?u bu hassas d?nemi Hz. Muhammed\u2019in (s.a.a) evinde ve onun e?itimi alt?nda ge\u00e7irdi. ?slam tarih\u00e7ileri bu konuda ??yle yazarlar:<\/p>\n<p>Bir ara Mekke\u2019de b\u00fcy\u00fck bir kurakl?k ve k?tl?k ba? g?sterdi. O s?rada Peygamberin amcas? Ebu Talib kalabal?k bir ailenin ge\u00e7imini sa?lamas? gerekti?inden, masraflar?n a??r y\u00fck\u00fc alt?nda ezilmekteydi. Resul-i Ekrem (s.a.a) Ha?imo?ullar?n?n en zenginlerinden olan di?er amcas? Abbas\u2019a, her birimiz Ebu Talip o?ullar?ndan birini evimize g?t\u00fcr\u00fcp bak?m?n? \u00fcstlenelim ki Ebu Talib\u2019in aile y\u00fck\u00fc azals?n, ?nerisinde bulundu. Abbas kabul edince birlikte Ebu Talib\u2019in yan?n gidip konuyu kendisine a\u00e7t?lar. Bu ?neriyi Ebu Talib\u2019de kabul etti. Sonu\u00e7ta; Abbas \u201cCafer\u2019i ve Hz. Muhammed\u2019de (s.a.a) Ali\u2019yi al?p evlerine g?t\u00fcrd\u00fcler. B?ylece ?mam Ali (a.s) efendimizin evinde iken (hayat?n?n ilk y?llar?nda) Allah, habibini peygamberlikle g?revlendirdi. ?mam Ali (a.s) ise onu hemen tasdik edip Peygameri izlemeye koyuldu.(1)<\/p>\n<div class=\"GeneralSooTitr\">\n<div class=\"SooTitrContent\">\n<p>?slam Peygamberi (s.a.a) Ali\u2019yi (a.s) himayesine ald?ktan sonra: ??te ben Hz. Muhammed (s.a.a) Allah\u2019?n benim i\u00e7in se\u00e7ti?ini se\u00e7tim, diye buyurdu.(2)<\/p>\n<\/div>\n<\/div>\n<p>Abd\u00fc\u2019l-Muttalib\u2019in vefat?ndan sonra \u00e7ocukluk d?nemini amcas? Ebu Talib\u2019in evinde ge\u00e7irip onun kefaleti alt?nda b\u00fcy\u00fcd\u00fc?\u00fcnden, onun evlatlar?ndan birini yeti?tirmek suretiyle amcas?n?n ve onun kar?s? Esed k?z? Fat?ma\u2019n?n zahmetini telafi etmek istiyordu. Dolay?s?yla Ebu Talip o?ullar? i\u00e7inde Ali\u2019yi (a.s) himayesine almak istemi?ti.<\/p>\n<p>Ali (a.s) kendi halifeli?i d?neminde, \u201cKas?\u00e2\u201d hutbesinde e?itim d?nemine de?inerek ??yle buyuruyor:<\/p>\n<p>\u201cSiz (Peygamber\u2019in son sahabeleri) benim Resu\u00aclullah\u2019a olan yak?n akrabal???m? ve onun nezdinde olan ?zel mevkimi bilmektesiniz. Yine biliyorsunuz ki; hen\u00fcz bir \u00e7ocuk iken o beni kucaklay?p g??s\u00fcne bast?r?yor ve beni yata??nda yat?r?yordu; ?yle ki, ben onun v\u00fccuduna dokunuyor, ho? kokusunu duyuyordum. O yeme?i elleriyle benim a?z?ma koyuyordu.<\/p>\n<p>Ben, annesinin pe?inden giden \u00e7ocuk gibi her yere onunla birlikte y\u00fcr\u00fcyordum. Her g\u00fcn, \u00fcst\u00fcn faziletli ahlaklar?ndan birini bana ??retiyordu. Ve bana: \u201cOnu izlememi emrediyordu.\u201d(3)<\/p>\n<p>&#8230;&#8230;&#8230;&#8230;&#8230;&#8230;&#8230;&#8230;&#8230;&#8230;&#8230;<\/p>\n<p>(1)\u00a0Bak?n?z:<\/p>\n<p>-?bni Esir, El-Kamil\u00fc Fi&#8217;t-Tarih, Beyrut, Dar-? Sad?r, 1399 H. C2, S58<\/p>\n<p>-?bni Hi?am, Abt\u00fclmelik, Es-Siyret\u00fc&#8217;n-Nebeviyye, Kahire, 1355 H. C1, s262<\/p>\n<p>-Taberi Muhammed b. Carir, Tarih\u00fc&#8217;l-Umemi ve&#8217;l-M\u00fcluk, Beyrut Dar\u00fc&#8217;l-Kamus-\u00fcl-Hadis C2, s 213<\/p>\n<p>-?bni Ebi&#8217;l-Hadid, ?erh-i Nehc\u00fc&#8217;l-Bela?a 1. Bask?, Kahire, 1378 H. C 13, S 119<\/p>\n<p>(2) Ebu&#8217;l Ferez ?sfehani, Makatilu&#8217;t-Taliyn, Necef-i Esref bask?s?, Men?urati&#8217;l-Mektebeti&#8217;l-Hayderiyye S. 15<\/p>\n<p>(3) Nehc\u00fc&#8217;l-Bele?a, Subhi Salih, 192. Hutbe.<\/p>\n<p>&nbsp;<\/p>\n","protected":false},"excerpt":{"rendered":"<p>?mam Ali (a.s) 30. Fil y?l?nda, Recep ay?n?n 13. g\u00fcn\u00fc K\u00e2be\u2019de d\u00fcnyaya geldi. Annesi Esed k?z? Fat?ma ve babas? Ebu Talib\u2019dir. Hicri 40 y?l?, Ramazan ay?n?n 21 de K\u00fcfe ?ehrinde ?ahadet mertebesine erdi. M\u00fcbarek t\u00fcrbesi Irak\u2019?n Necef-i E?ref kentinde bulunmaktad?r.<\/p>\n","protected":false},"author":1,"featured_media":0,"comment_status":"open","ping_status":"open","sticky":false,"template":"","format":"standard","meta":{"footnotes":""},"categories":[9],"tags":[419],"class_list":["post-3971","post","type-post","status-publish","format-standard","hentry","category-magazine","tag-emirel-muminin-a-s","has-post-title","has-post-date","has-post-category","has-post-tag","has-post-comment","has-post-author",""],"_links":{"self":[{"href":"https:\/\/al-mostabserin.com\/turkish\/wp-json\/wp\/v2\/posts\/3971","targetHints":{"allow":["GET"]}}],"collection":[{"href":"https:\/\/al-mostabserin.com\/turkish\/wp-json\/wp\/v2\/posts"}],"about":[{"href":"https:\/\/al-mostabserin.com\/turkish\/wp-json\/wp\/v2\/types\/post"}],"author":[{"embeddable":true,"href":"https:\/\/al-mostabserin.com\/turkish\/wp-json\/wp\/v2\/users\/1"}],"replies":[{"embeddable":true,"href":"https:\/\/al-mostabserin.com\/turkish\/wp-json\/wp\/v2\/comments?post=3971"}],"version-history":[{"count":1,"href":"https:\/\/al-mostabserin.com\/turkish\/wp-json\/wp\/v2\/posts\/3971\/revisions"}],"predecessor-version":[{"id":3973,"href":"https:\/\/al-mostabserin.com\/turkish\/wp-json\/wp\/v2\/posts\/3971\/revisions\/3973"}],"wp:attachment":[{"href":"https:\/\/al-mostabserin.com\/turkish\/wp-json\/wp\/v2\/media?parent=3971"}],"wp:term":[{"taxonomy":"category","embeddable":true,"href":"https:\/\/al-mostabserin.com\/turkish\/wp-json\/wp\/v2\/categories?post=3971"},{"taxonomy":"post_tag","embeddable":true,"href":"https:\/\/al-mostabserin.com\/turkish\/wp-json\/wp\/v2\/tags?post=3971"}],"curies":[{"name":"wp","href":"https:\/\/api.w.org\/{rel}","templated":true}]}}