{"id":3863,"date":"2023-12-20T14:19:46","date_gmt":"2023-12-20T11:19:46","guid":{"rendered":"http:\/\/al-mostabserin.com\/turkish\/?p=3863"},"modified":"2023-12-20T14:20:41","modified_gmt":"2023-12-20T11:20:41","slug":"eyyami-fatimiyye","status":"publish","type":"post","link":"https:\/\/al-mostabserin.com\/turkish\/3863\/","title":{"rendered":"Eyyami Fatimiyye"},"content":{"rendered":"<p style=\"text-align: center;\"><img loading=\"lazy\" decoding=\"async\" class=\"alignnone size-full wp-image-3875\" src=\"http:\/\/al-mostabserin.com\/turkish\/wp-content\/uploads\/2023\/12\/0003.jpg\" alt=\"\" width=\"250\" height=\"167\" \/><\/p>\n<p><strong>Eyyami Fatimiyye<\/strong>\u00a0veya\u00a0<strong>Fat\u0131ma<\/strong>\u00a0(Arap\u00e7a:\u00a0<strong>\u0623\u06cc\u0627\u0645 \u0627\u0644\u0641\u0627\u0637\u0645\u06cc\u0647<\/strong>;\u00a0<strong>Fat\u0131ma g\u00fcnleri<\/strong>)\u00a0\u015eialar\u0131n\u00a0Hz. Fat\u0131ma Zehra\u2019n\u0131n (s.a)\u00a0\u015fehadet\u00a0g\u00fcnleri m\u00fcnasebeti ile yas ve\u00a0matem\u00a0tuttuklar\u0131 g\u00fcnlerin ad\u0131d\u0131r.\u00a0Hz. Fat\u0131ma\u2019n\u0131n (s.a) \u015fehadet g\u00fcn\u00fc hakk\u0131nda \u00e7e\u015fitli rivayetler nakledildi\u011fi i\u00e7in, takvimde \u00fc\u00e7 \u015fehadet g\u00fcn\u00fc kay\u0131tl\u0131d\u0131r.\u00a0Irak\u00a0ve \u00f6zellikle\u00a0Necef\u00a0\u015eialar\u0131 aras\u0131nda \u00fc\u00e7 g\u00fcn ve \u0130ran\u2019da ise, iki g\u00fcn (13\u00a0Cemaziyelevvel\u00a0ve 3\u00a0Cemaziyelahir) \u201cHz. Fat\u0131ma\u2019n\u0131n (s.a) \u015fehadeti\u201d unvan\u0131 ile matem tutulmaktad\u0131r. Bug\u00fcnlere \u201cBirinci Fat\u0131ma g\u00fcnleri\u201d ve \u201c\u0130kinci Fat\u0131ma G\u00fcnleri\u201d denmektedir.<!--more--><\/p>\n<p>Tarihi olarak 3 Cemaziyelahir daha me\u015fhurdur ve\u00a0\u0130ran\u2019da \u201cmatem g\u00fcn\u00fc\u201d unvan\u0131 ile resmi tatildir.\u00a0Kum\u00a0\u015fehrindeki baz\u0131\u00a0taklit merciler\u00a0(taklit edilen m\u00fc\u00e7tehitler) yaya olarak matem meclislerine kat\u0131lmaktad\u0131rlar.<\/p>\n<h2><span id=\"Rivayetlerdeki_Farkiliklar\" class=\"ez-toc-section\"><\/span><strong><em>Rivayetlerdeki Fark\u0131l\u0131k<\/em><\/strong>lar<\/h2>\n<p>Hz. Zehra\u2019n\u0131n (s.a) \u015fehadet g\u00fcn\u00fc farkl\u0131 tarihi nakiller ve\u00a0\u0130mamlardan\u00a0(a.s) nakledilen \u00e7e\u015fitli rivayetler kaynakl\u0131 olarak, farkl\u0131l\u0131klar arz etmektedir. Baz\u0131lar\u0131\u00a0Hz. Fahr-i K\u00e2inat\u00a0Efendimizin (s.a.a) vefat\u0131ndan k\u0131rk g\u00fcn, baz\u0131lar\u0131 yetmi\u015f iki g\u00fcn, baz\u0131lar\u0131 yetmi\u015f be\u015f g\u00fcn, baz\u0131lar\u0131 doksan be\u015f g\u00fcn, baz\u0131lar\u0131 \u00fc\u00e7 ay ve baz\u0131lar\u0131 da alt\u0131 ay sonra oldu\u011funu belirtmi\u015flerdir.[1]<\/p>\n<h3><span id=\"Birinci_Eyyami_Fatimiyye\" class=\"ez-toc-section\"><\/span><strong><em>Birinci Eyyami Fatimiyye<\/em><\/strong><\/h3>\n<h3><strong><em>\u0130kinci Eyyami Fatimiyye<\/em><\/strong><\/h3>\n<p>Baz\u0131 tarihi nakillere g\u00f6re\u00a0Hz. Fat\u0131matu\u2019z Zehra\u00a0(s.a), Hz. Resul-\u00fc Kibriya Efendimizin (s.a.a) vefat\u0131ndan yetmi\u015f be\u015f g\u00fcn sonra 13 Cemaziyelahir\u2019de \u015fehit olmu\u015ftur.[2]\u00a0\u015eialar bug\u00fcne ve bundan birka\u00e7 g\u00fcn \u00f6nceye ve sonras\u0131na \u201cbirinci Fat\u0131ma (s.a) g\u00fcnleri\u201d demektedir.<\/p>\n<p>\u015eialar\u0131n ya\u015fad\u0131klar\u0131 baz\u0131 co\u011frafyalarda\u00a0Hz. S\u0131dd\u0131ka-\u0131 Tahire\u00a0(s.a) i\u00e7in matem merasimleri \u201cbirinci\u00a0<strong><em>Eyyami Fatimiyye<\/em><\/strong>\u00a0\u201d ba\u015flamakta ve \u201cikinci Fat\u0131ma (s.a) g\u00fcnlerine\u201d kadar s\u00fcrmektedir.<\/p>\n<p>\u015eialar aras\u0131nda bug\u00fcnlerde cami, mescit, dernek, vak\u0131f ve evlerde mersiyeler okunmakta ve a\u011f\u0131tlar yak\u0131larak, Hz. Fat\u0131ma\u2019n\u0131n (s.a) mazlumca \u015fehadetinden \u00f6t\u00fcr\u00fc g\u00f6zya\u015f\u0131 d\u00f6k\u00fclerek, an\u0131lmaktad\u0131r.<\/p>\n<h3><strong><em>\u00dc\u00e7\u00fcnc\u00fc Eyyami Fatimiyye<\/em><\/strong><\/h3>\n<p>Ebu Basir\u2019in\u00a0\u0130mam Cafer-i Sad\u0131k\u2019tan (a.s) nakletti\u011fi bir rivayete g\u00f6re, Hz. Fat\u0131matu\u2019z Zehra (s.a) Cemaziyelahir ay\u0131n\u0131n \u00fc\u00e7\u00fcnde Cumartesi g\u00fcn\u00fc \u015fehit olmu\u015ftur.[3]<\/p>\n<h2><span id=\"_KAYNAKCA\" class=\"ez-toc-section\"><\/span><strong>\u00a0\u00a0\u00a0\u00a0\u00a0\u00a0\u00a0\u00a0\u00a0\u00a0\u00a0\u00a0<\/strong><strong><em>KAYNAK\u00c7A<\/em><\/strong><\/h2>\n<p>\u2022 1-)\u00a0 Nezeri M\u00fcnferid, s. 427- 431.<\/p>\n<p>\u2022 2-)\u00a0 \u00a0Kuleyni, c. 1, s. 241, h. 5.<\/p>\n<p>\u2022 3-)\u00a0 Taberi, s. 134.<\/p>\n<p>&#8230;&#8230;&#8230;&#8230;&#8230;&#8230;&#8230;&#8230;&#8230;&#8230;&#8230;.<\/p>\n<p><a href=\"https:\/\/imammehdiyarenleri.com\/eyyami-fatimiyye-nedir\/\">imammehdiyarenleri.com<\/a><\/p>\n","protected":false},"excerpt":{"rendered":"<p>Eyyami Fatimiyye\u00a0veya\u00a0Fat\u0131ma\u00a0(Arap\u00e7a:\u00a0\u0623\u06cc\u0627\u0645 \u0627\u0644\u0641\u0627\u0637\u0645\u06cc\u0647;\u00a0Fat\u0131ma g\u00fcnleri)\u00a0\u015eialar\u0131n\u00a0Hz. Fat\u0131ma Zehra\u2019n\u0131n (s.a)\u00a0\u015fehadet\u00a0g\u00fcnleri m\u00fcnasebeti ile yas ve\u00a0matem\u00a0tuttuklar\u0131 g\u00fcnlerin ad\u0131d\u0131r.\u00a0Hz. Fat\u0131ma\u2019n\u0131n (s.a) \u015fehadet g\u00fcn\u00fc hakk\u0131nda \u00e7e\u015fitli rivayetler nakledildi\u011fi i\u00e7in, takvimde \u00fc\u00e7 \u015fehadet g\u00fcn\u00fc kay\u0131tl\u0131d\u0131r.\u00a0Irak\u00a0ve \u00f6zellikle\u00a0Necef\u00a0\u015eialar\u0131 aras\u0131nda \u00fc\u00e7 g\u00fcn ve \u0130ran\u2019da ise, iki g\u00fcn (13\u00a0Cemaziyelevvel\u00a0ve 3\u00a0Cemaziyelahir) \u201cHz. Fat\u0131ma\u2019n\u0131n (s.a) \u015fehadeti\u201d unvan\u0131 ile matem tutulmaktad\u0131r. Bug\u00fcnlere \u201cBirinci Fat\u0131ma g\u00fcnleri\u201d ve \u201c\u0130kinci Fat\u0131ma G\u00fcnleri\u201d denmektedir.<\/p>\n","protected":false},"author":1,"featured_media":0,"comment_status":"open","ping_status":"open","sticky":false,"template":"","format":"standard","meta":{"footnotes":""},"categories":[1,9],"tags":[416],"class_list":["post-3863","post","type-post","status-publish","format-standard","hentry","category-genel","category-magazine","tag-fatimiyye","has-post-title","has-post-date","has-post-category","has-post-tag","has-post-comment","has-post-author",""],"_links":{"self":[{"href":"https:\/\/al-mostabserin.com\/turkish\/wp-json\/wp\/v2\/posts\/3863","targetHints":{"allow":["GET"]}}],"collection":[{"href":"https:\/\/al-mostabserin.com\/turkish\/wp-json\/wp\/v2\/posts"}],"about":[{"href":"https:\/\/al-mostabserin.com\/turkish\/wp-json\/wp\/v2\/types\/post"}],"author":[{"embeddable":true,"href":"https:\/\/al-mostabserin.com\/turkish\/wp-json\/wp\/v2\/users\/1"}],"replies":[{"embeddable":true,"href":"https:\/\/al-mostabserin.com\/turkish\/wp-json\/wp\/v2\/comments?post=3863"}],"version-history":[{"count":5,"href":"https:\/\/al-mostabserin.com\/turkish\/wp-json\/wp\/v2\/posts\/3863\/revisions"}],"predecessor-version":[{"id":3880,"href":"https:\/\/al-mostabserin.com\/turkish\/wp-json\/wp\/v2\/posts\/3863\/revisions\/3880"}],"wp:attachment":[{"href":"https:\/\/al-mostabserin.com\/turkish\/wp-json\/wp\/v2\/media?parent=3863"}],"wp:term":[{"taxonomy":"category","embeddable":true,"href":"https:\/\/al-mostabserin.com\/turkish\/wp-json\/wp\/v2\/categories?post=3863"},{"taxonomy":"post_tag","embeddable":true,"href":"https:\/\/al-mostabserin.com\/turkish\/wp-json\/wp\/v2\/tags?post=3863"}],"curies":[{"name":"wp","href":"https:\/\/api.w.org\/{rel}","templated":true}]}}