{"id":3526,"date":"2023-11-17T15:37:34","date_gmt":"2023-11-17T12:37:34","guid":{"rendered":"http:\/\/al-mostabserin.com\/turkish\/?p=3526"},"modified":"2023-11-17T15:39:19","modified_gmt":"2023-11-17T12:39:19","slug":"imam-humeynira-vahdet-haftasini-niye-ilan-etti","status":"publish","type":"post","link":"https:\/\/al-mostabserin.com\/turkish\/3526\/","title":{"rendered":"\u0130mam Humeyni(ra), Vahdet Haftas\u0131\u2019n\u0131 niye ilan etti?"},"content":{"rendered":"<p style=\"text-align: center;\"><img loading=\"lazy\" decoding=\"async\" class=\"alignnone size-medium wp-image-3527\" src=\"http:\/\/al-mostabserin.com\/turkish\/wp-content\/uploads\/2023\/11\/04_1-300x198.png\" alt=\"\" width=\"300\" height=\"198\" srcset=\"https:\/\/al-mostabserin.com\/turkish\/wp-content\/uploads\/2023\/11\/04_1-300x198.png 300w, https:\/\/al-mostabserin.com\/turkish\/wp-content\/uploads\/2023\/11\/04_1.png 640w\" sizes=\"auto, (max-width: 300px) 100vw, 300px\" \/><\/p>\n<div class=\"itemHeader\">\n<h2 class=\"itemTitle\"><strong>Hicri takvim esas\u0131nca Ehl-i Beyt rivayetlerinde 17 Rebi\u00fclevvel ve Ehl-i S\u00fcnnet rivayetlerinde 12 Rebi\u00fclevvel olan Peygamber Efendimizin kutlu do\u011fum g\u00fcn\u00fcn\u00fcn M\u00fcsl\u00fcmanlar\u0131n vahdet ve birli\u011fine yard\u0131mc\u0131 olmas\u0131 i\u00e7in \u0130mam Humeyni bu iki tarihi tek haftada toplayarak \u201cvahdet haftas\u0131\u201d ilan etmi\u015ftir. Bu \u00e7a\u011fr\u0131 b\u00fct\u00fcn \u0130slam d\u00fcnyas\u0131ndan ra\u011fbet g\u00f6rd\u00fc ve 1979\u2019dan bu yana \u0130slam d\u00fcnyas\u0131 vahdeti korumak i\u00e7in bu kutlamalar\u0131 \u201ckutlu do\u011fum haftas\u0131\u201d na yaym\u0131\u015f durumda.<\/strong><\/h2>\n<\/div>\n<p><!--more--><\/p>\n<div class=\"itemHeader\">\n<p>-\u0130mam Humeyni\u201dnin d\u00fc\u015f\u00fcnce yap\u0131s\u0131nda vahdet kavram\u0131- &gt;&gt;OKUMAK \u0130\u00c7\u0130N TIKLAYINIZ&lt;&lt;<\/p>\n<p><strong>\u00a0\u0130mam Humeyni \u00d6mr\u00fcn\u00fc M\u00fcsl\u00fcmanlar Aras\u0131nda Vahdet Olu\u015fturmaya Adad\u0131<\/strong><\/p>\n<p>\u0130mam Humeyni M\u00fcsl\u00fcmanlar aras\u0131nda ihtilaf yarat\u0131p saflar\u0131n\u0131n gev\u015femesine neden ve s\u00f6m\u00fcr\u00fcc\u00fclerin ekme\u011fine ya\u011f s\u00fcrecek olan hi\u00e7bir giri\u015fimi c\u00e2iz bulmuyordu. Kendisine has muazzam fetvalar\u0131, Hz. Resulullah\u201d\u0131n -sav- do\u011fum g\u00fcn\u00fc m\u00fcnasebetiyle vahdet haftas\u0131 ilan\u0131nda bulunup ard arda mesajlar yay\u0131nlayarak \u015f\u00eeas\u0131yla, s\u00fcnnisiyle t\u00fcm M\u00fcsl\u00fcmanlar\u0131 birle\u015fmeye \u00e7a\u011f\u0131rmas\u0131 ve s\u00fcnni \u2013 \u015fii birli\u011finin pratik imkanlar\u0131n\u0131 bilfiil \u00f6\u011fretmesi bunu kan\u0131tlamaktad\u0131r.<\/p>\n<p>\u0130mam Humeyni hayat\u0131n\u0131 Y\u00fcce Rabbinin r\u0131zas\u0131na adam\u0131\u015f bir m\u00fcmindi; onun ya\u015fam, inan\u00e7 ve d\u00fc\u015f\u00fcncesine \u015fekil veren etkenler Kur\u201dan ve Resulullah\u201d\u0131n -sav- s\u00fcnnetiyle, bu s\u00fcnneti en m\u00fckemmel ve bozulmam\u0131\u015f \u00f6z haliyle ya\u015fatabilen Eh-i Beyt-i Resulullah\u201d\u0131n -sav- yolu-yordam\u0131yd\u0131. \u0130mam Humeyni -ks- hangi \u0131rk, mezhep ve d\u00fc\u015f\u00fcnceye sahip olursa olsun, Allah ve Resul\u00fc\u201dne inan\u0131p Ka\u201dbe\u201dyi k\u0131ble olarak bilen b\u00fct\u00fcn M\u00fcsl\u00fcmanlar\u0131n samimiyetle elele verip birlik ve vahdet i\u00e7inde olmalar\u0131 gerekti\u011fi inanc\u0131ndayd\u0131; b\u00fct\u00fcn M\u00fcsl\u00fcmanlar elele verip kenetlenmeli ve \u0130slam d\u00fc\u015fman\u0131 s\u00f6m\u00fcr\u00fc g\u00fc\u00e7lerinin kar\u015f\u0131s\u0131na dikilmeliydi. \u0130mam\u201d\u0131n konu\u015fma, yaz\u0131 ve mesajlar\u0131n\u0131n \u00f6nemli bir b\u00f6l\u00fcm\u00fc, d\u00fcnya M\u00fcsl\u00fcmanlar\u0131n\u0131 vahdet, birlik ve beraberli\u011fe \u00e7a\u011f\u0131ran mazmunlar olu\u015fturur.<\/p>\n<p>E\u015fi ve orta\u011f\u0131 bulunmayan biricik Yarat\u0131c\u0131\u201dya -cc- inanmak, Hz. Muhammed\u201din -sav- son peygamber oldu\u011funa ve Kur\u201dan-\u0131 Mecid\u201din insanl\u0131\u011fa ebediyen yol g\u00f6sterebilecek hidayet kitab\u0131 ve kanunlar b\u00fct\u00fcn\u00fc olarak indi\u011fine iman etmek ve \u0130slam dininin namaz, oru\u00e7, hacc, zekat ve cihad gibi vazge\u00e7ilmez h\u00fck\u00fcmlerine iman ve amelde bulunmak, \u0130slam d\u00fc\u015fmanlar\u0131 kar\u015f\u0131s\u0131nda b\u00fct\u00fcn M\u00fcsl\u00fcmanlar\u0131n birle\u015fip kenetlenmesini sa\u011flamaya yetecek eksenler ve m\u00fc\u015ftereklerdi.<\/p>\n<p>\u0130mam Humeyni\u201dnin -ks- \u0131slah\u00e7\u0131 k\u0131yam ve mesajlar\u0131 sadece \u0130ran\u201da veya di\u011fer \u0130slam \u00fclkelerine y\u00f6nelik de\u011fildi. O, b\u00fct\u00fcn insanlar\u0131n yarad\u0131l\u0131\u015f ve f\u0131trat\u0131n\u0131n tevhid, \u015feref, hayra ve hakikate y\u00f6nelme ve adalet arama gibi ins\u00e2n\u00ee prensiplerle yo\u011frulmu\u015f oldu\u011funu bildi\u011finden, kitlelerin bilin\u00e7lendirilmesi ve bireylerin kendi k\u00f6t\u00fc nefislerinin \u015feytan\u0131yla d\u0131\u015f \u00e7evrenin \u015feytan\u00eeliklerine kar\u015f\u0131 durabilmeyi becermesi halinde b\u00fct\u00fcn insanlar\u0131n Allah\u201da inanma ve ger\u00e7ek ilahi adaletin g\u00f6lgesinde ya\u015fama yolunu tercih edeceklerine inanmadayd\u0131. Bu nedenle de \u0130mam Humeyni -ks- yay\u0131nlad\u0131\u011f\u0131 mesajlar\u0131n \u00e7o\u011funda, esaret halinde bulunan 3. d\u00fcnya \u00fclkeleriyle d\u00fcnya mustaz\u201daflar\u0131n\u0131 m\u00fcstekbirler ve sultac\u0131 egemenlere kar\u015f\u0131 ba\u015fkald\u0131r\u0131p k\u0131yama davet eder. Nitekim \u0130ran\u201dda \u0130slam ink\u0131lab\u0131n\u0131n zafer kazand\u0131\u011f\u0131 ilk g\u00fcnlerden itibaren \u0130mam bu g\u00f6r\u00fc\u015f\u00fcn\u00fc y\u00fcksek sesle a\u00e7\u0131klamakta ve \u201cd\u00fcnya mustazaflar partisi\u201dnin bir an \u00f6nce kurulmas\u0131 gerekti\u011fini vurgulayarak bu g\u00f6r\u00fc\u015f\u00fc can-u g\u00f6n\u00fclden savunmaktayd\u0131. Nitekim \u201cd\u00fcnya kurtulu\u015f ve ba\u011f\u0131ms\u0131zl\u0131k hareketleri\u201dnin ilk uluslararas\u0131 oturumu, \u0130mam\u201d\u0131n -ks- inisiyatifiyle ve onun zaman\u0131nda \u0130slami \u0130ran\u201dda ger\u00e7ekle\u015fecekti.<\/p>\n<p>&#8230;&#8230;&#8230;&#8230;&#8230;&#8230;&#8230;&#8230;&#8230;..<\/p>\n<p>iqna.ir<\/p>\n<\/div>\n","protected":false},"excerpt":{"rendered":"<p>Hicri takvim esas\u0131nca Ehl-i Beyt rivayetlerinde 17 Rebi\u00fclevvel ve Ehl-i S\u00fcnnet rivayetlerinde 12 Rebi\u00fclevvel olan Peygamber Efendimizin kutlu do\u011fum g\u00fcn\u00fcn\u00fcn M\u00fcsl\u00fcmanlar\u0131n vahdet ve birli\u011fine yard\u0131mc\u0131 olmas\u0131 i\u00e7in \u0130mam Humeyni bu iki tarihi tek haftada toplayarak \u201cvahdet haftas\u0131\u201d ilan etmi\u015ftir. Bu \u00e7a\u011fr\u0131 b\u00fct\u00fcn \u0130slam d\u00fcnyas\u0131ndan ra\u011fbet g\u00f6rd\u00fc ve 1979\u2019dan bu yana \u0130slam d\u00fcnyas\u0131 vahdeti korumak i\u00e7in [&hellip;]<\/p>\n","protected":false},"author":1,"featured_media":0,"comment_status":"open","ping_status":"open","sticky":false,"template":"","format":"standard","meta":{"footnotes":""},"categories":[13],"tags":[254,250],"class_list":["post-3526","post","type-post","status-publish","format-standard","hentry","category-unity","tag-imam-humeynira","tag-vahdet-haftasi","has-post-title","has-post-date","has-post-category","has-post-tag","has-post-comment","has-post-author",""],"_links":{"self":[{"href":"https:\/\/al-mostabserin.com\/turkish\/wp-json\/wp\/v2\/posts\/3526","targetHints":{"allow":["GET"]}}],"collection":[{"href":"https:\/\/al-mostabserin.com\/turkish\/wp-json\/wp\/v2\/posts"}],"about":[{"href":"https:\/\/al-mostabserin.com\/turkish\/wp-json\/wp\/v2\/types\/post"}],"author":[{"embeddable":true,"href":"https:\/\/al-mostabserin.com\/turkish\/wp-json\/wp\/v2\/users\/1"}],"replies":[{"embeddable":true,"href":"https:\/\/al-mostabserin.com\/turkish\/wp-json\/wp\/v2\/comments?post=3526"}],"version-history":[{"count":6,"href":"https:\/\/al-mostabserin.com\/turkish\/wp-json\/wp\/v2\/posts\/3526\/revisions"}],"predecessor-version":[{"id":3533,"href":"https:\/\/al-mostabserin.com\/turkish\/wp-json\/wp\/v2\/posts\/3526\/revisions\/3533"}],"wp:attachment":[{"href":"https:\/\/al-mostabserin.com\/turkish\/wp-json\/wp\/v2\/media?parent=3526"}],"wp:term":[{"taxonomy":"category","embeddable":true,"href":"https:\/\/al-mostabserin.com\/turkish\/wp-json\/wp\/v2\/categories?post=3526"},{"taxonomy":"post_tag","embeddable":true,"href":"https:\/\/al-mostabserin.com\/turkish\/wp-json\/wp\/v2\/tags?post=3526"}],"curies":[{"name":"wp","href":"https:\/\/api.w.org\/{rel}","templated":true}]}}