{"id":3326,"date":"2023-10-20T20:23:00","date_gmt":"2023-10-20T17:23:00","guid":{"rendered":"http:\/\/al-mostabserin.com\/turkish\/?p=3326"},"modified":"2023-10-20T20:23:00","modified_gmt":"2023-10-20T17:23:00","slug":"sakife-olayi-ve-ali-a-s","status":"publish","type":"post","link":"https:\/\/al-mostabserin.com\/turkish\/3326\/","title":{"rendered":"Sak\u0131fe Olay\u0131 ve Ali (a.s)"},"content":{"rendered":"<p style=\"text-align: center;\"><img loading=\"lazy\" decoding=\"async\" class=\"alignnone size-full wp-image-3334\" src=\"http:\/\/al-mostabserin.com\/turkish\/wp-content\/uploads\/2023\/10\/download-2.jpg\" alt=\"\" width=\"284\" height=\"177\" \/><\/p>\n<p>Bu toplant\u0131n\u0131n sona ermesinden sonra Ali (as) (Sak\u0131fe beni Sa\u2019d toplant\u0131s\u0131nda bulunan ki\u015filerden taraflar\u0131n iddialar\u0131n\u0131 sordu ve her iki taraf\u0131n iddialar\u0131n\u0131 ele\u015ftirerek reddetti.<\/p>\n<p>O Hazretin s\u00f6zlerini Seyyid R\u0131za (66.) hutbede \u015f\u00f6yle yazmaktad\u0131r:<!--more--><\/p>\n<p>Ali (as) sordu: Ensar ne s\u00f6yledi? Cevap verdiler: H\u00fck\u00fcmdarl\u0131k bizden y\u00f6netmek sizden olsun. Ali (as) \u015f\u00f6yle s\u00f6yledi: Neden Peygamber(saa)\u2019in s\u00f6zleriyle onlar\u0131n iddialar\u0131n\u0131 reddetmediniz? Peygamber efendimiz \u015f\u00f6yle buyurdu: Ensar\u0131n iyiliklerine kar\u015f\u0131l\u0131k iyilik yap\u0131n ve k\u00f6t\u00fcl\u00fcklerini g\u00f6rmezden gelin. Sordular: Hilafet i\u00e7in onlar\u0131n yetki eksikli\u011fine bu s\u00f6z nas\u0131l delil olabilir?<\/p>\n<p>\u015e\u00f6yle s\u00f6yledi: E\u011fer h\u00fckmetmek onlar i\u00e7in olsayd\u0131 Peygamber (saa)\u2019in emri onlar i\u00e7in anlams\u0131z olurdu (yani Ensar\u0131n hakk\u0131nda ba\u015fkalar\u0131na tavsiyede bulunmas\u0131 h\u00fck\u00fcmetin onlardan ba\u015fkas\u0131n\u0131n elinde olaca\u011f\u0131na delildir.)<\/p>\n<p>O zaman Kurey\u015f ne s\u00f6yledi diye sordu? Cevap verdiler: \u2018Onlar bir a\u011fac\u0131n dallar\u0131d\u0131r Peygamber (saa)\u2019de bu a\u011fac\u0131n bir di\u011fer dal\u0131d\u0131r.\u2019<\/p>\n<p>Hazret \u015f\u00f6yle s\u00f6yledi: Peygambere kendi yak\u0131nl\u0131klar\u0131yla kendi yetkinliklerini savundular. Ama meyvesini i\u015fe yaramaz sayd\u0131lar. Yani e\u011fer onlar bu \u015fecerenin dallar\u0131n\u0131 te\u015fkil ediyorsa Peygamber (saa)\u2019in Ehli beytide o dal\u0131n meyvesidir. (9)<\/p>\n<p>Yukar\u0131da s\u00f6ylenen ibarete benzer \u0130bni Abbas\u2019tan Ebu Bekire \u015f\u00f6yle gelmi\u015ftir:Biz Peygamber (saa)\u2019in a\u011fac\u0131ndan\u0131z diye iddia etti\u011finiz konuda: siz onun kom\u015fususunuz, biz o a\u011fac\u0131n dallar\u0131 oluruz, nihai hedef a\u011fac\u0131n meyvesidir.<\/p>\n<p>\u015e\u00f6yle s\u00f6yleyebiliriz: \u015e\u00fcphesiz ki Emirel M\u00fcminin Ali b. Ebi Talip (as) hem \u0130slam mektebi a\u011fac\u0131n\u0131n m\u00fcmtaz bir meyvesi idi hemde b\u00fcy\u00fck Kurey\u015f kabilesinin erdemli \u00fcyesiydi.<\/p>\n<p>\u0130lk olarak orada bulunanlar i\u00e7in Sa\u2019d b. \u0130bade konu\u015fma yapt\u0131 ve Ensar\u2019\u0131n erdemlerini, \u0130slama yapt\u0131klar\u0131 hizmetleri ve fadakarl\u0131klar\u0131 \u00f6verek \u00f6zetledi ve \u015f\u00f6yle s\u00f6yledi: \u2018Sadece Ensar Peygamber (saa)\u2019in yerine ge\u00e7meye ve hilafete en lay\u0131k oland\u0131r.\u2019<\/p>\n<p>Daha sonra Ensar Sa\u2019d b. \u0130bade den Allah\u2019\u0131n Resul\u00fcn\u00fcn halifesi \u00fcnvan\u0131yla ona biat etmek istediler.<\/p>\n<p>&nbsp;<\/p>\n<hr \/>\n<p>8-Ayn\u0131 eser<\/p>\n<p>9-Ayn\u0131 eser, sayfa 154<\/p>\n<p><a href=\"http:\/\/www.tebyan.net\/index.aspx?pid=288504\" target=\"_blank\" rel=\"noopener\">Sakife Maceras\u0131nda Ali (as)\u2019\u0131n Davran\u0131\u015f\u0131-1<\/a><\/p>\n<p><a href=\"http:\/\/www.tebyan.net\/index.aspx?pid=288505\" target=\"_blank\" rel=\"noopener\">Sakife Maceras\u0131nda Ali (as)\u2019\u0131n Davran\u0131\u015f\u0131-2<\/a><\/p>\n","protected":false},"excerpt":{"rendered":"<p>Bu toplant\u0131n\u0131n sona ermesinden sonra Ali (as) (Sak\u0131fe beni Sa\u2019d toplant\u0131s\u0131nda bulunan ki\u015filerden taraflar\u0131n iddialar\u0131n\u0131 sordu ve her iki taraf\u0131n iddialar\u0131n\u0131 ele\u015ftirerek reddetti. O Hazretin s\u00f6zlerini Seyyid R\u0131za (66.) hutbede \u015f\u00f6yle yazmaktad\u0131r:<\/p>\n","protected":false},"author":1,"featured_media":0,"comment_status":"open","ping_status":"open","sticky":false,"template":"","format":"standard","meta":{"footnotes":""},"categories":[15],"tags":[56],"class_list":["post-3326","post","type-post","status-publish","format-standard","hentry","category-debates","tag-imam-ali-a-s","has-post-title","has-post-date","has-post-category","has-post-tag","has-post-comment","has-post-author",""],"_links":{"self":[{"href":"https:\/\/al-mostabserin.com\/turkish\/wp-json\/wp\/v2\/posts\/3326","targetHints":{"allow":["GET"]}}],"collection":[{"href":"https:\/\/al-mostabserin.com\/turkish\/wp-json\/wp\/v2\/posts"}],"about":[{"href":"https:\/\/al-mostabserin.com\/turkish\/wp-json\/wp\/v2\/types\/post"}],"author":[{"embeddable":true,"href":"https:\/\/al-mostabserin.com\/turkish\/wp-json\/wp\/v2\/users\/1"}],"replies":[{"embeddable":true,"href":"https:\/\/al-mostabserin.com\/turkish\/wp-json\/wp\/v2\/comments?post=3326"}],"version-history":[{"count":2,"href":"https:\/\/al-mostabserin.com\/turkish\/wp-json\/wp\/v2\/posts\/3326\/revisions"}],"predecessor-version":[{"id":3336,"href":"https:\/\/al-mostabserin.com\/turkish\/wp-json\/wp\/v2\/posts\/3326\/revisions\/3336"}],"wp:attachment":[{"href":"https:\/\/al-mostabserin.com\/turkish\/wp-json\/wp\/v2\/media?parent=3326"}],"wp:term":[{"taxonomy":"category","embeddable":true,"href":"https:\/\/al-mostabserin.com\/turkish\/wp-json\/wp\/v2\/categories?post=3326"},{"taxonomy":"post_tag","embeddable":true,"href":"https:\/\/al-mostabserin.com\/turkish\/wp-json\/wp\/v2\/tags?post=3326"}],"curies":[{"name":"wp","href":"https:\/\/api.w.org\/{rel}","templated":true}]}}