{"id":1858,"date":"2022-02-18T22:12:15","date_gmt":"2022-02-18T19:12:15","guid":{"rendered":"http:\/\/al-mostabserin.com\/turkish\/?p=1858"},"modified":"2022-02-18T22:36:49","modified_gmt":"2022-02-18T19:36:49","slug":"fatima-a-s","status":"publish","type":"post","link":"https:\/\/al-mostabserin.com\/turkish\/1858\/","title":{"rendered":"Fat\u0131ma (a.s) &#8211; Prof. H\u00fcseyin Hatemi"},"content":{"rendered":"<p style=\"text-align: center;\"><img loading=\"lazy\" decoding=\"async\" class=\"alignnone size-full wp-image-1859\" src=\"http:\/\/al-mostabserin.com\/turkish\/wp-content\/uploads\/2022\/02\/39.jpg\" alt=\"\" width=\"120\" height=\"121\" \/><\/p>\n<p>F\u00e2t\u0131ma, Res\u00fbl-i Ekrem&#8217;in (s.a.) soyunu s\u00fcrd\u00fcren k\u0131z\u0131, o m\u00fcbarek varl\u0131\u011f\u0131n par\u00e7as\u0131, N\u00fbru Res\u00fbl-i Ekrem&#8217;in (s.a.) N\u00fbrundan olan Em\u00eer\u2019ul-M\u00fc&#8217;min\u00een Ali\u2019nin (a.s.) zevcesi, Ehl-i Beyt \u0130mamlar\u0131n\u0131n annesi, Had\u00eece-i K\u00fcbra&#8217;n\u0131n, o Muhterem Anne&#8217;nin k\u0131z\u0131d\u0131r.<!--more--><\/p>\n<p>Ehl-i Beyt&#8217;ten bahsedildi\u011finde, baz\u0131lar\u0131 bilmezlikten, baz\u0131lar\u0131 maalesef Hayr&#8217;\u0131 se\u00e7medikleri i\u00e7in, derhal \u015fu itiraz\u0131 ileri s\u00fcrerler: Ali, Fat\u0131ma, Hasan ve Huseyn&#8217;in ad\u0131 Kur&#8217;an-\u0131 Kerim&#8217;de nerede ge\u00e7iyor? \u015eu h\u00e2lde bu faz\u00eeletleri nereden \u00e7\u0131kar\u0131yorsunuz?<\/p>\n<p>Oysa Zeyd&#8217;den (r.a.) ba\u015fka Sahabe&#8217;den hi\u00e7 kimsenin ad\u0131 Kur&#8217;an-\u0131 Ker\u00eem&#8217;de ge\u00e7mez. \u015eu halde nas\u0131l olur da baz\u0131 kimselere Ehl-i Beyt&#8217;den de \u00fcst\u00fcn faz\u00eeletler atfetmeye kalk\u0131\u015f\u0131rlar?<\/p>\n<p>Ayr\u0131ca, onlara \u015f\u00f6yle s\u00f6ylemek gerekir: Meryem&#8217;in (a.s.) faz\u00eeletleri de, bug\u00fcn H\u0131ristiyanlar\u0131n elindeki \u0130ncil&#8217;de yer almaz. Fakat hi\u00e7bir inan\u00e7l\u0131 h\u0131ristiyan, baz\u0131 sonradan sap\u0131tanlar\u0131 hari\u00e7, Meryem&#8217;in faz\u00eeletlerinde en k\u00fc\u00e7\u00fck bir teredd\u00fct duymaz.<\/p>\n<p>S\u00f6z buraya geldi\u011finde, \u015fu &#8220;hamle&#8221;yi de beklemek gerekir: -Fakat Meryem&#8217;den Kur&#8217;an-\u0131 Kerim bahsediyor. \u015eu h\u00e2lde ni\u00e7in F\u00e2t\u0131ma&#8217;dan bahsetmiyor?<\/p>\n<p>Buna da cevab\u0131m\u0131z \u015fudur: Bu, &#8220;S\u00fcnnetullah&#8221;dand\u0131r. Bir res\u00fbl, tebli\u011fine ba\u015flay\u0131nca, kendisinin res\u00fbl oldu\u011funu Vahy-i \u0130l\u00e2h\u00ee teyid eder. Fakat onun\u00a0<strong>&#8220;usve-i hasene&#8221;<\/strong>sini,\u00a0<strong>&#8220;g\u00fczel \u00f6rne\u011fi&#8221;<\/strong>ni s\u00fcrd\u00fcrecek olan havar\u00eeleri ve yak\u0131nlar\u0131n\u0131n ad\u0131n\u0131 vahiy a\u00e7\u0131k\u00e7a bildirmez. \u00c7\u00fcnk\u00fc res\u00fbl\u00fcn irtihalinden sonra imtihan devam etmektedir. O res\u00fble iman edenler, res\u00fbl\u00fcn tavsiye, vasiyyet etti\u011fi veli ve vas\u00eelerini, onun s\u00f6z\u00fcne uyarak izlemelidirler.<\/p>\n<p>F\u00e2t\u0131ma, \u00e2lemlere rahmet olarak g\u00f6nderilen Res\u00fbl-i Ekrem&#8217;in (s.a.)\u00a0<strong>&#8220;Babas\u0131 ona feda olsun!&#8221;\u00a0<\/strong>muazzam s\u00f6z\u00fc ile sevgisini belirtti\u011fi g\u00f6z\u00fcn\u00fcn n\u00fbru k\u0131z\u0131, Seyyidet-u Nis\u00e2\u2019il-\u00c2lem\u00een olmaz da kim olur?<\/p>\n<p>F\u00e2t\u0131ma&#8217;n\u0131n n\u00fbrunu idr\u00e2k edemeyenin \u00e7ok yaz\u0131kt\u0131r ki \u0130sl\u00e2m&#8217;dan hazz\u0131 yoktur. Bu n\u00fbru idr\u00e2k edemeyen, Em\u00eer\u2019ul-M\u00fc&#8217;min\u00een&#8217;in n\u00fbrunu, Hasan ve Huseyn&#8217;in n\u00fbrunu da idr\u00e2k edemez. Em\u00eer\u2019ul-M\u00fc&#8217;min\u00een&#8217;in buyurdu\u011fu gibi:\u00a0<strong>&#8220;Ali ve Muaviye&#8221;<\/strong>\u00a0sayg\u0131s\u0131zl\u0131\u011f\u0131 ile S\u0131ff\u00eem&#8217;den bahseder, &#8220;Hasan, emaneti ehline(!) tevdi etti\u011fi i\u00e7in iyi davranm\u0131\u015f, kan d\u00f6k\u00fclmesini \u00f6nlemi\u015ftir.&#8221; gibi hezeyanlar eder, &#8220;Huseyn, d\u00fcnya saltanat\u0131 i\u00e7in Yezid ile sava\u015f\u0131p ma\u011fl\u00fbb oldu&#8221; diyerek fark\u0131nda olmadan k\u00fcfre saplan\u0131r.<\/p>\n<p>F\u00e2t\u0131ma&#8217;n\u0131n n\u00fbrunu idr\u00e2k edemeyen, asl\u0131nda Res\u00fbl-i Ekrem&#8217;in (s.a.) n\u00fbrunu ve Had\u00eece-i K\u00fcbra&#8217;n\u0131n derecesini de idr\u00e2k edemez. Res\u00fbl-i Ekrem&#8217;i -h\u00e2\u015f\u00e2- Had\u00eece&#8217;yi istemek i\u00e7in gitti\u011finde i\u00e7ki sofras\u0131na oturtur ve Had\u00eece-i K\u00fcbra&#8217;y\u0131 da amcas\u0131na sak\u00eelik ettirir ki, ne\u00fbz\u00fcbillah, amcas\u0131 sarho\u015f olsun ve Had\u00eece&#8217;yi Res\u00fbl-i Ekrem&#8217;e (s.a.) nik\u00e2hlamaya r\u00e2z\u0131 olsun! Ayn\u0131 zamanda da Had\u00eece&#8217;nin bu s\u0131rada k\u0131rk (40) ya\u015f\u0131nda ve iki kocadan dul oldu\u011funu nakleder! Dul ve k\u0131rk ya\u015f\u0131nda idiyse, amcas\u0131n\u0131n iznine ne gerek vard\u0131? \u00c7eli\u015fkiye d\u00fc\u015ft\u00fc\u011f\u00fcn\u00fcn de fark\u0131nda olmaz ve sa\u00e7mal\u0131klar\u0131n\u0131 s\u00fcrd\u00fcr\u00fcr.<\/p>\n<p>Oysa Had\u00eece Res\u00fbl-i Ekrem (s.a.) ile evlendi\u011finde dul de\u011fildi.\u00a0<strong>&#8220;Yetim&#8221;<\/strong>\u00a0kelimesi o s\u0131rada nezaret\u00e7isi olmayan dullar\u0131 da ifade etti\u011finden (Nis\u00e2 S\u00fbresi), Had\u00eece&#8217;nin babadan yetim olmas\u0131, sonradan, ayn\u0131 zamanda dul ve \u00fcstelik iki kocadan dul ve k\u0131rk ya\u015f\u0131nda oldu\u011fu rivayetinin uydurulmas\u0131na yol a\u00e7m\u0131\u015ft\u0131r. F\u00e2t\u0131ma, Bi&#8217;set&#8217;den be\u015f y\u0131l sonra de\u011fil, be\u015f y\u0131l \u00f6nce, yani 604 Mil\u00e2d\u00ee y\u0131l\u0131nda do\u011fmu\u015ftur.\u00a0<strong>Kevser<\/strong>\u00a0S\u00fbresi n\u00e2zil olup Res\u00fbl-i Ekrem&#8217;e (s.a.)\u00a0<strong>&#8220;\u0130nn\u00e2 a&#8217;tayn\u00e2k&#8217;el-Kevser&#8221;<\/strong>\u00a0buyuruldu\u011funda\u00a0<strong>Kevser<\/strong>&#8216;i temsil eden F\u00e2t\u0131ma do\u011fmu\u015f bulunuyordu. Bu s\u00fbre, Fat\u0131ma dolay\u0131s\u0131 ile kad\u0131nlara tecell\u00ee eden il\u00e2h\u00ee rahmeti g\u00f6steriyor, kad\u0131n ve erke\u011fin insanl\u0131k de\u011feri a\u00e7\u0131s\u0131ndan e\u015fit oldu\u011funu, soyun erkekten devam\u0131 tel\u00e2kk\u00eesinin insanlar\u0131n kabul\u00fcnden do\u011fan bir \u00f6nyarg\u0131 olup, Res\u00fbl-i Ekrem&#8217;in (s.a.) soyunun k\u0131z\u0131ndan devam edece\u011fine i\u015faret ediyordu. Ayn\u0131 zamanda\u00a0<strong>&#8220;ve&#8217;nhar!&#8221;<\/strong>\u00a0buyru\u011funda, bu s\u00fbrenin son \u00e2yetinde i\u015faret buyuruldu\u011fu gibi, Res\u00fbl-i Ekrem&#8217;e (s.a.) bu\u011fzedenler, kin besleyenler nas\u0131l varsa, Ehl-i Beyt&#8217;e ve \u00f6zellikle Huseyn&#8217;e bu\u011fzedenlerin onu \u015feh\u00eed ederek galip olduklar\u0131 kuruntusuna kap\u0131lacaklar\u0131na, fakat sonu\u00e7ta as\u0131l\u00a0<strong>&#8220;ebter&#8221;<\/strong>\u00a0kalanlar\u0131n onlar olacaklar\u0131na i\u015faret vard\u0131r. Huseyn,\u00a0<strong>\u0130nsanl\u0131k \u015eehidi, Zibh-i Az\u00eem<\/strong>&#8216;dir. F\u00e2t\u0131ma da, o Zibh-i Az\u00eem&#8217;in annesidir. Res\u00fbl-i Ekrem (s.a.) de, Em\u00eer\u2019ul-M\u00fc\u2019min\u00een de, Fat\u0131ma da bunu biliyorlard\u0131.<\/p>\n<p>F\u00e2t\u0131ma, 624 y\u0131l\u0131nda Em\u00eer-ul-M\u00fc&#8217;min\u00een ile evleninceye kadar da, ondan sonraki sekiz y\u0131lda da \u0130l\u00e2h\u00ee Vahiy evinin tertemiz bir \u00e7i\u00e7e\u011fi olarak \u00f6rnek bir hayat s\u00fcrd\u00fc. Res\u00fbl-i Ekrem&#8217;in (s.a.) irtihali g\u00fcn\u00fc olan 25 May\u0131s 632 pazartesi g\u00fcn\u00fcnden k\u0131sa bir s\u00fcre sonra, belki 2 A\u011fustos 632 gecesi;\u00a0<strong>&#8220;Al emanetini ya Res\u00fblallah!&#8221;<\/strong>\u00a0nidas\u0131 ile, Em\u00eer\u2019ul-M\u00fc&#8217;min\u00een taraf\u0131ndan, babas\u0131n\u0131n kollar\u0131na tevdi edildi ve bu g\u00f6z kama\u015ft\u0131ran N\u00fbr i\u00e7inde s\u0131rroldu. Bu k\u0131sa s\u00fcre i\u00e7inde Res\u00fbl-i Ekrem&#8217;in (s.a.) g\u00f6z\u00fcn\u00fcn n\u00fbru k\u0131z\u0131n\u0131n de\u011feri bilinebildi mi? Em\u00eer\u2019ul-M\u00fc&#8217;min\u00een&#8217;in de\u011ferini bilenler bildiler elbette, bilmeyenlere gelince heyh\u00e2t! Bug\u00fcn de b\u00f6yle de\u011fil mi?<\/p>\n<p>Res\u00fbl-i Ekrem (s.a.)\u00a0<strong>&#8220;\u00c2lemler&#8217;e Rahmet&#8221;<\/strong>\u00a0olunca, F\u00e2t\u0131ma&#8217;n\u0131n N\u00fbru\u2019nun, irtihalinden sonra s\u00f6nmesi nas\u0131l m\u00fcmk\u00fcn olur? Mi\u015fkat&#8217;\u0131n i\u00e7indeki Misbah olan Em\u00eer\u2019ul-M\u00fc&#8217;min\u00een,\u00a0<strong>&#8220;\u0130nci Parlakl\u0131\u011f\u0131nda Y\u0131ld\u0131z&#8221;<\/strong>la simgelenen F\u00e2t\u0131ma&#8217;n\u0131n N\u00fbru ile \u00e7evrelenmi\u015ftir. (N\u00fbr \u00c2yeti). \u0130ki N\u00fbr birbirine kar\u0131\u015fmakta ve \u0130mamlarda tecell\u00ee etmektedir:\u00a0<strong>N\u00fbrun al\u00e2 N\u00fbr!<\/strong><\/p>\n<p>F\u00e2t\u0131ma&#8217;n\u0131n N\u00fbru&#8217;na g\u00f6n\u00fcllerini bilerek kapayanlar h\u00fcsr\u00e2na u\u011frarlar. (Asr S\u00fbresi). G\u00f6n\u00fcllerini bu N\u00fbr&#8217;a a\u00e7anlar ar\u0131n\u0131r ve \u015fifa bulurlar. Bu N\u00fbr, her k\u00f6t\u00fcl\u00fckten ar\u0131, tertemiz \u00c2b-\u0131 hayat p\u0131nar\u0131d\u0131r. Bu N\u00fbr,\u00a0<strong>Kevser<\/strong>&#8216;dir. Bu N\u00fbr, &#8220;\u00f6nce kom\u015fu, sonra ev!&#8221; diyen, &#8220;Birr ve \u00ceys\u00e2r&#8221; ahl\u00e2k\u0131n\u0131n da kayna\u011f\u0131 olan N\u00fbr&#8217;un yans\u0131d\u0131\u011f\u0131\u00a0<strong>F\u00e2t\u0131ma<\/strong>&#8216;d\u0131r.<\/p>\n<p>Sonu\u00e7ta Merhum \u015eeriat\u00ee&#8217;nin geldi\u011fi noktaya gelmedik mi? F\u00e2t\u0131ma F\u00e2t\u0131ma&#8217;d\u0131r.\u00a0<strong>\u00c2fit\u00e2b \u00e2med del\u00eel-i \u00e2fit\u00e2b!<\/strong><\/p>\n<p>Bu N\u00fbr&#8217;u idr\u00e2k edelim ki zulmetlerden \u00e7\u0131k\u0131p N\u00fbr&#8217;a eri\u015fdim. \u00c2min! Sevgi&#8217;nin N\u00fbru g\u00f6n\u00fcllerimizi kaplas\u0131n. Sevgili&#8217;nin Sevgili k\u0131z\u0131na ebede kadar s\u00fcrekli sel\u00e2m!<\/p>\n<p>F\u00e2t\u0131ma&#8217;n\u0131n gelece\u011fini \u00f6nceki peygamberler de biliyordu. Bu sebeple, F\u00e2t\u0131ma ismi de baz\u0131 de\u011fi\u015fikliklere u\u011frasa da biliniyordu. Nas\u0131l Huseyn&#8217;in s\u0131fatlar\u0131 sonra iyi niyetle ve &#8220;Zibh-i Az\u00eem&#8221; zannedilerek Hazret-i Mesih&#8217;e (a.s) aktar\u0131ld\u0131 ve O&#8217;na &#8220;Rabbin kuzusu&#8221; dendi ise, annesi Meryem&#8217;e de F\u00e2t\u0131ma&#8217;n\u0131n vas\u0131flar\u0131 verildi. Asl\u0131nda\u00a0<strong>&#8220;Bet\u00fbl&#8221;<\/strong>\u00a0ve\u00a0<strong>&#8220;Azra&#8221;<\/strong>\u00a0gibi vas\u0131flar Hazret-i Meryem&#8217;de de vard\u0131r, fakat F\u00e2t\u0131ma isimdir ve Res\u00fbl-i Ekrem&#8217;in (s.a.) k\u0131z\u0131 bu adla m\u00fcjdelenmi\u015ftir. Ne var ki\u00a0<strong>&#8220;Rabb&#8217;in kuzusu&#8221;<\/strong>\u00a0nitelemesi\u00a0<strong>Hazret-i Mesih&#8217;<\/strong>e aktar\u0131ld\u0131ktan sonra\u00a0<strong>F\u00e2t\u0131ma<\/strong>\u00a0ismi de\u00a0<strong>Hazret-i Meryem<\/strong>&#8216;e,\u00a0<strong>Kerbel\u00e2<\/strong>\u00a0ismi de hayal\u00ee bir k\u00e2seye,\u00a0<strong>Graal<\/strong>&#8216;e aktar\u0131lm\u0131\u015f, Hazret-i \u0130sa&#8217;n\u0131n \u00e7arm\u0131h\u0131n\u0131n dibinde duran k\u00e2seye, onun m\u00fcbarek kan\u0131n\u0131n akt\u0131\u011f\u0131 s\u00f6ylenmi\u015f ve bu k\u00e2se\u00a0<strong>&#8220;Graal&#8221;<\/strong>\u00a0(Grail) ad\u0131n\u0131 alm\u0131\u015ft\u0131r. Bu kelime de\u00a0<strong>Kerbel\u00e2<\/strong>&#8216;dan de\u011fi\u015fme olacakt\u0131r. \u00c7\u00fcnk\u00fc Hazret-i Mesih \u00e7arm\u0131hda can vermemi\u015ftir. Esasen b\u00f6yle olsa idi dah\u00ee \u00e7arm\u0131hda can verene\u00a0<strong>&#8220;Zibh-i Az\u00eem&#8221;<\/strong>\u00a0denmez, \u00e7\u00fcnk\u00fc\u00a0<strong>&#8220;mezb\u00fbh&#8221;<\/strong>\u00a0de\u011fildir. \u00c7arm\u0131ha gerilen, &#8220;\u0130sa benim!&#8221; diye kendisini \u0130sa yerine koyan bir kutlu havar\u00eedir. Biz bunu da Ehl-i Beyt&#8217;in m\u00fcbarek ilim kayna\u011f\u0131ndan al\u0131yoruz ve biliyoruz. (Tefs\u00eer-i S\u00e2f\u00ee).<\/p>\n<p>Kevser \u0131rma\u011f\u0131 insan\u0131n az \u00f6tesinden akar da, insan mikroplu sularla yetinebilir ve manev\u00ee bak\u0131mdan ar\u0131nmam\u0131\u015f kalabilir. Hatta\u00a0<strong>Kevser<\/strong>&#8216;in ehlinden F\u0131rat suyunu esirgeyenleri Kevser Ehli&#8217;ne e\u015f tutma dal\u00e2leti i\u00e7inde kalm\u0131\u015f olabilir. Tekrar ediyorum: F\u00e2t\u0131ma&#8217;n\u0131n N\u00fbru&#8217;nu g\u00f6remedik\u00e7e, bu N\u00fbr ile ar\u0131namad\u0131k\u00e7a,\u00a0<strong>&#8220;\u0130nsan-\u0131 K\u00e2mil&#8221;<\/strong>\u00a0olmaya imk\u00e2n yoktur. Ben sadece g\u00f6r\u00fcyorum, fakat bu bir\u00a0<strong>&#8220;ya\u015fama&#8221;<\/strong>, bir\u00a0<strong>&#8220;h\u00e2l&#8221;<\/strong>, bir &#8220;varolu\u015f&#8221; i\u015fidir, N\u00fbr&#8217;un tek ve ger\u00e7ek Sahibi ve Rabbi olan Allah&#8217;dan,\u00a0<strong>&#8220;\u0130nci Parlakl\u0131\u011f\u0131nda S\u0131r\u00e7a&#8221;\u00a0<\/strong>(N\u00fbr \u00c2yeti) \u00e2yeti ile simgelenen F\u00e2t\u0131ma N\u00fbru hakk\u0131 i\u00e7in, bu N\u00fbr ile g\u00f6nl\u00fcm\u00fcz\u00fc ar\u0131t\u0131p \u0131\u015f\u0131tabilmeyi niyaz ederim.<\/p>\n<p>&#8230;&#8230;&#8230;&#8230;&#8230;&#8230;&#8230;&#8230;&#8230;.<\/p>\n<p><a href=\"http:\/\/ehlibeytalimleri.com\/fatima_m2107.html\">ehlibeytalimleri.com<\/a><\/p>\n","protected":false},"excerpt":{"rendered":"<p>F\u00e2t\u0131ma, Res\u00fbl-i Ekrem&#8217;in (s.a.) soyunu s\u00fcrd\u00fcren k\u0131z\u0131, o m\u00fcbarek varl\u0131\u011f\u0131n par\u00e7as\u0131, N\u00fbru Res\u00fbl-i Ekrem&#8217;in (s.a.) N\u00fbrundan olan Em\u00eer\u2019ul-M\u00fc&#8217;min\u00een Ali\u2019nin (a.s.) zevcesi, Ehl-i Beyt \u0130mamlar\u0131n\u0131n annesi, Had\u00eece-i K\u00fcbra&#8217;n\u0131n, o Muhterem Anne&#8217;nin k\u0131z\u0131d\u0131r.<\/p>\n","protected":false},"author":1,"featured_media":0,"comment_status":"open","ping_status":"open","sticky":false,"template":"","format":"standard","meta":{"footnotes":""},"categories":[9],"tags":[239,277],"class_list":["post-1858","post","type-post","status-publish","format-standard","hentry","category-magazine","tag-hz-fatima-a-s","tag-prof-huseyin-hatemi","has-post-title","has-post-date","has-post-category","has-post-tag","has-post-comment","has-post-author",""],"_links":{"self":[{"href":"https:\/\/al-mostabserin.com\/turkish\/wp-json\/wp\/v2\/posts\/1858","targetHints":{"allow":["GET"]}}],"collection":[{"href":"https:\/\/al-mostabserin.com\/turkish\/wp-json\/wp\/v2\/posts"}],"about":[{"href":"https:\/\/al-mostabserin.com\/turkish\/wp-json\/wp\/v2\/types\/post"}],"author":[{"embeddable":true,"href":"https:\/\/al-mostabserin.com\/turkish\/wp-json\/wp\/v2\/users\/1"}],"replies":[{"embeddable":true,"href":"https:\/\/al-mostabserin.com\/turkish\/wp-json\/wp\/v2\/comments?post=1858"}],"version-history":[{"count":5,"href":"https:\/\/al-mostabserin.com\/turkish\/wp-json\/wp\/v2\/posts\/1858\/revisions"}],"predecessor-version":[{"id":1869,"href":"https:\/\/al-mostabserin.com\/turkish\/wp-json\/wp\/v2\/posts\/1858\/revisions\/1869"}],"wp:attachment":[{"href":"https:\/\/al-mostabserin.com\/turkish\/wp-json\/wp\/v2\/media?parent=1858"}],"wp:term":[{"taxonomy":"category","embeddable":true,"href":"https:\/\/al-mostabserin.com\/turkish\/wp-json\/wp\/v2\/categories?post=1858"},{"taxonomy":"post_tag","embeddable":true,"href":"https:\/\/al-mostabserin.com\/turkish\/wp-json\/wp\/v2\/tags?post=1858"}],"curies":[{"name":"wp","href":"https:\/\/api.w.org\/{rel}","templated":true}]}}