{"id":87,"date":"2025-12-21T08:04:56","date_gmt":"2025-12-21T08:04:56","guid":{"rendered":"https:\/\/al-mostabserin.com\/kurdish\/?p=87"},"modified":"2025-12-21T08:05:01","modified_gmt":"2025-12-21T08:05:01","slug":"sedema-sereke-ya-ku-mamoste-mervan-xelifat-bi-teseyyu%ca%bfe-ve-cu","status":"publish","type":"post","link":"https:\/\/al-mostabserin.com\/kurdish\/87\/","title":{"rendered":"Sedema sereke ya ku mamoste Mervan Xel\u00eefat bi te\u015feyyu\u02bf\u00ea ve \u00e7\u00fb"},"content":{"rendered":"<p style=\"text-align: center;\"><img loading=\"lazy\" decoding=\"async\" class=\"alignnone size-medium wp-image-88\" src=\"http:\/\/al-mostabserin.com\/kurdish\/wp-content\/uploads\/2025\/12\/141398108066cd0-big-1-300x225.jpg\" alt=\"\" width=\"300\" height=\"225\" srcset=\"https:\/\/al-mostabserin.com\/kurdish\/wp-content\/uploads\/2025\/12\/141398108066cd0-big-1-300x225.jpg 300w, https:\/\/al-mostabserin.com\/kurdish\/wp-content\/uploads\/2025\/12\/141398108066cd0-big-1.jpg 320w\" sizes=\"auto, (max-width: 300px) 100vw, 300px\" \/><\/p>\n<p><strong>Sedema sereke ya ku mamoste Mervan Xel\u00eefat bi te\u015feyyu\u02bf\u00ea ve \u00e7\u00fb<\/strong><br \/>\n<strong>Sedema sereke ya ku \u015f\u00eax Mervan Xel\u00eefat (bi neteweya Urdun\u00ee) bi te\u015feyyu\u02bf\u00ea ve \u00e7\u00fb<\/strong><\/p>\n<p>Di dem\u00ea rojhilat\u00ea de, li ser yek ji r\u00eay\u00ean gund\u00ea, min bi heval\u00ea xwe y\u00ea \u015e\u00ee\u02bfe re dime\u015fiya. Rojek tune b\u00fb ku got\u00fbb\u00eaja me t\u00fbj neb\u00fb. W\u00ea dem\u00ea min dixwest ku ev heval\u00ea min bibe Sunn\u00ee, \u00fb min qerar dab\u00fb ku w\u00ee ji mezheba xwe veguhezim bo mezheba \u015eaf\u00ee\u02bf\u00ee!!<\/p>\n<p>Rojan derbas b\u00fbn \u00fb min xwe tomar kir li <strong>Koleja \u015eer\u00ee\u02bfet\u00ea<\/strong>. Di wan dersan de, \u015f\u00eax\u00ean me carinan li ser \u015e\u00ee\u02bfeyan diaxiv\u00een, \u00fb hin ji wan wan tekf\u00eer dikirin.<!--more--><br \/>\nHer \u00e7end ez li ser mezheba \u015eaf\u00ee\u02bf\u00ee b\u00fbm, l\u00ea min dest p\u00ea kir ku bi away\u00ea nerm bi ti\u015ft\u00ean ku mamostey\u00ean min \u00ean selef\u00ee li ser aq\u00eedey\u00ea didan, bandor bibim. Heta ku min dest p\u00ea kir aq\u00eedeya selef\u00ee bi bawer\u00ee bidom\u00eenim. Ez wan aq\u00eedeyan, bi del\u00eelan re, li ber heval\u00ea xwe y\u00ea \u015e\u00ee\u02bfe p\u00ea\u015fk\u00ea\u015f dikirim. Her ti\u015ft\u00ea ku di salona ders\u00ea de li dij\u00ee \u015e\u00ee\u02bfeyan t\u00ea gotin ji wan re tomet \u00fb qesir b\u00fb, min wan ji bo \u201crehberkirina\u201d w\u00ee bikaran\u00ee!! L\u00ea ew bi h\u00eaz\u00ea li min bersiv dida.<\/p>\n<p>Rojek\u00ea, di dema me\u015fandina me de, dema ku ez bi w\u00ee re li ser faz\u00eelet\u00ean Eb\u00fb Bekir \u00fb \u02bfUmer diaxiv\u00eem, w\u00ee min qut kir \u00fb got \u2014 wek\u00ee ku serkeft\u00ee b\u00fb:<br \/>\n<strong>\u201cReziyeta P\u00eanc\u015fem\u00ea!\u201d<\/strong><\/p>\n<p>Min got: \u201cBa\u015f e\u060c tu \u00e7i dixwaz\u00ee bib\u00eaj\u00ee?\u201d<br \/>\nW\u00ee got: \u201cEw b\u00fbyer\u00ea ku \u00e7end roj ber\u00ee mirina P\u00eaxember (\u1e63allallahu \u02bfalayhi \u00fb alih) qewim\u00ee. Dema ku P\u00eaxember (\u1e63) ji heval\u00ean xwe re got: \u2018Werin, bila ez ji we re niv\u00eesek biniv\u00eesim ku pi\u015ft\u00ee w\u00ea h\u00fbn qet ne\u015f\u00eawin.\u2019 L\u00ea \u02bfUmer got: \u2018P\u00eaxember (\u1e63) bi \u00ea\u015f\u00ea t\u00eak \u00e7\u00fbye\u2019 yan j\u00ee \u2018hec\u00eer dike\u2019; <strong>kit\u00eaba Xwed\u00ea me t\u00eak\u00ee ye!<\/strong>\u201d<\/p>\n<p>Min got: \u201cMa h\u00fbn heta v\u00ea ast\u00ea gihi\u015ftine ku ev gotin\u00ean wusa li <strong>F\u00e2r\u00fbq<\/strong> bin\u00eenin, ku qet li dij\u00ee P\u00eaxember (\u1e63) ne\u00e7\u00fbye\u061f!!\u201d<\/p>\n<p>W\u00ee got: \u201cTu ev b\u00fbyer\u00ea di <strong>Sah\u00eeh\u00ea Buxar\u00ee \u00fb Muslim<\/strong> de dib\u00een\u00ee.\u201d (1)<\/p>\n<p>Di w\u00ea gav\u00ea de ez ji bersiva w\u00ee b\u00eah\u00eav\u00ee b\u00fbm \u00fb hesta t\u00eak\u00e7\u00fbna xwe kirim. Bi lez gotim: \u201cGer w\u00ee wisa gotibe j\u00ee, ew her sahab\u00ee ye!! Ji Xwed\u00ea daxwaza l\u00eabor\u00een\u00ea dikim\u2026\u201d Ev gotin ne bi tesaduf\u00ea hat, l\u00ea bi away\u00ea \u00eefadeya aq\u00eedeyek\u00ea b\u00fb ku di nav can\u00ean me de cih girtib\u00fb. Min j\u00ee ji w\u00ee pirs\u00ee: \u201cTu ev b\u00fbyer\u00ea di k\u00eejan pirt\u00fbk\u00ea de xwendiye?\u201d<br \/>\nHer \u00e7end ez bi r\u00eaya \u00eenyad\u00ee rawestib\u00fbm \u00fb t\u00eak\u00e7\u00fbna xwe qeb\u00fbl nekirib\u00fbm\u060c l\u00ea dil\u00ea min bi \u00ea\u015f t\u00eak di\u00e7\u00fb.<\/p>\n<p>W\u00ee got: \u201cDi pirt\u00fbka <strong>\u2018\u062b\u0645 \u0627\u0647\u062a\u062f\u064a\u062a \/ Thumma Ihtadayt\u2019<\/strong> de, ya yek ji \u02bfulem\u00ean we ku \u015e\u00ee\u02bfe b\u00fbne.\u201d<br \/>\nMin bi tinaz got: \u201cMa ji \u02bfulem\u00ean me j\u00ee kesek \u015e\u00ee\u02bfe b\u00fbye?\u201d<br \/>\nW\u00ee got: \u201cEr\u00ea\u060c <strong>T\u00eecan\u00ee<\/strong> xwed\u00ee v\u00ea pirt\u00fbk\u00ea ye\u061b ew di w\u00ea de dib\u00eaje \u00e7awa \u015e\u00ee\u02bfe b\u00fb \u00fb \u00e7i sedem\u00ean te\u015feyyu\u02bfa w\u00ee b\u00fbn.\u201d<\/p>\n<p>Min pirt\u00fbk ji w\u00ee xwest\u060c \u00fb gava ku pirt\u00fbk ket dest\u00ea min\u060c min xwendina w\u00ea bi lez dest p\u00ea kir. Reziyeta P\u00eanc\u015fem\u00ea li hi\u015f\u00ea min diger\u00ee\u060c \u00fb min bi tirs\u00ea li d\u00eetina w\u00ea li nav pirt\u00fbk\u00ea re \u00e7av\u00ea xwe dihi\u015ft.<\/p>\n<p>\u00c7\u00eeroka niv\u00eeskar\u00ea bi away\u00ea xwe y\u00ea k\u00eafxwe\u015f \u00fb \u015f\u00eawaz\u00ea xwe y\u00ea k\u00ea\u015fand\u00ee min ki\u015fand. Min niv\u00ees\u00ean li ser <strong>\u00eemama Ehl\u00ea Beyt\u00ea<\/strong> (\u02bfalayhim es-selam)\u060c \u00fb li ser <strong>moxalefeta hin sahaban<\/strong> li dij\u00ee P\u00eaxember (\u1e63)\u060c \u00fb <strong>Reziyeta P\u00eanc\u015fem\u00ea<\/strong> xwend. Niv\u00eeskar her babet bi <strong>\u00e7avkaniy\u00ean me y\u00ean mu\u02bfteber<\/strong> er\u00ea dikir. Ez \u015fa\u015f b\u00fbm ji ti\u015ft\u00ean ku min dixwend\u060c \u00fb hesta kir ku hem\u00fb xewn \u00fb h\u00eaviy\u00ean min hilwe\u015fiyan \u00fb ketin erd\u00ea. Min xwe raz\u00ee kir ku ev rastiy\u00ean di pirt\u00fbk\u00ean me de tune ne.<\/p>\n<p>(1) B\u00fbyer\u00ea li <strong>Sah\u00eeh\u00ea Buxar\u00ee<\/strong>, Kit\u00eaba Nexwe\u015f\u00ee \u00fb Tibb\u00ea, \u0628\u0627\u0628 \u0642\u0648\u0644 \u0627\u0644\u0645\u0631\u064a\u0636 \u0642\u0648\u0645\u0648\u0627 \u0639\u0646\u064a\u061b <strong>Sah\u00eeh\u00ea Muslim<\/strong>, Kit\u00eaba Wes\u00eeyet\u00ea, \u0628\u0627\u0628 \u062a\u0631\u0643 \u0627\u0644\u0648\u0635\u064a\u0629\u061b <strong>Tabeqat Ibn Sa\u02bfd<\/strong> 2\/37 \u2026<br \/>\nDi roja pa\u015f\u00ea de min qerar da ku niv\u00ees\u00ean pirt\u00fbk\u00ea ji <strong>pirt\u00fbkxaneya zan\u00eengeh\u00ea<\/strong> er\u00ea bikim. Min bi Reziyeta P\u00eanc\u015fem\u00ea dest p\u00ea kir\u060c \u00fb min d\u00eet ku ew di <strong>Sah\u00eeh\u00ea Muslim \u00fb Buxar\u00ee<\/strong> de bi \u00e7end r\u00eagan hatiye tomarkirin.<\/p>\n<p>Li ber min du iht\u00eemal heb\u00fbn:<br \/>\nYa min bi gotina \u02bfUmer re bib\u00fbm hevpeyv\u00een\u060c \u00fb bi v\u00ea yek\u00ea P\u00eaxember (\u1e63) \u2014 <strong>Xwed\u00ea bipar\u00eaze<\/strong> \u2014 hec\u00eer b\u00fbye bib\u00eajim\u060c \u00fb bi v\u00ea yek\u00ea tomet ji ser \u02bfUmer rabikim\u061b<br \/>\nYa j\u00ee min P\u00eaxember (\u1e63) bipar\u00eazim \u00fb qeb\u00fbl bikim ku <strong>hin sahaba bi serokatiya \u02bfUmer<\/strong> \u00e7ewtiyek\u00ee giran li dij\u00ee P\u00eaxember (\u1e63) kirin\u060c heta ku wan ji xwe d\u00fbr xistin. Li vir diviyab\u00fb min li ber heval\u00ea xwe ji <strong>aq\u00eedey\u00ean ku bi salan min wan dubare dikir \u00fb bi wan serbilind dib\u00fbm<\/strong> raz\u00ee b\u00fbm \u00fb wan bih\u00ealim.<\/p>\n<p>Heval\u00ea min ji min pirs\u00ee ka ev ti\u015ft\u00ean di pirt\u00fbk\u00ea de rast in an na. Min bi dilek\u00ee ku ji \u00ea\u015f\u00ea t\u00eaki\u015fiya got: <strong>Er\u00ea\u060c rast in.<\/strong><\/p>\n<p>Demek dir\u00eaj ez di \u015fa\u015f \u00fb \u015fik\u00ea de ma\u060c raman\u00ean min rojane bi roj\u00ea min rojhilat \u00fb rojava diherikandin. Heval\u00ea min ji min re pirt\u00fbka <strong>\u2018Li gel Rastb\u00fbyan bim\u2019<\/strong> (\u0644\u0623\u0643\u0648\u0646 \u0645\u0639 \u0627\u0644\u0635\u0627\u062f\u0642\u064a\u0646) ya T\u00eecan\u00ee \u00fb pirt\u00fbka <strong>\u2018Ji Ehl\u00ea Zikr bipirsin\u2019<\/strong> (\u0641\u0627\u0633\u0623\u0644\u0648\u0627 \u0623\u0647\u0644 \u0627\u0644\u0630\u0643\u0631) \u00fb y\u00ean din p\u00ea\u015fk\u00ea\u015f kir. Ev pirt\u00fbkan li ber min <strong>rastiy\u00ean gelek<\/strong> vekirin \u00fb \u015fa\u015fiya min \u00fb guman\u00ean min z\u00eade kirin.<\/p>\n<p>Min hewl da ku ev \u015fa\u015f\u00ee bi xwendina <strong>bersiv\u00ean \u02bfulem\u00ean me<\/strong> li hember van rastiyan bisekinim\u061b l\u00ea ew ne ten\u00ea ne kar\u00ee min aram bikin\u060c l\u00ea b\u00eatir <strong>b\u00eera min vekirin li ser rastiya mezheba Ehl\u00ea Beyt\u00ea<\/strong> (\u02bfalayhim es-selam). Min gelek pirt\u00fbk xwend \u2014 ku nikarim hem\u00fb wan bib\u00eajim \u2014 ku hem\u00fb wan ji min re w\u00eaneyeke rastiy\u00ea bi reng\u00ean <strong>del\u00eel\u00ean qut \u00fb b\u00ea\u015fer<\/strong> \u00e7\u00eadikirin\u061b del\u00eel\u00ean ku hi\u015f\u00ea min li ber wan \u015fa\u015f \u00fb b\u00eakar dimab\u00fb\u060c heta ku \u015fa\u015fiya \u02bfulem\u00ean me j\u00ee di \u00e7aw\u00ean min de diyar b\u00fb.<\/p>\n<p>Heta ku w\u00eaneya rastiy\u00ea di hi\u015f\u00ea min de <strong>wek roj\u00ea li n\u00eevroj\u00ea<\/strong> ron\u00ee b\u00fb. Min bi temam\u00ee, bi raz\u00eeb\u00fbna dil \u00fb bi aramiya can\u00ea, <strong>mezheba Ehl\u00ea Beyta P\u00eaxember<\/strong> (\u02bfalayhim es-selam) qeb\u00fbl kir\u061b ew ku <strong>kur\u00ean P\u00eaxember<\/strong> in\u060c <strong>biray\u00ean Qur\u02bean\u00ea<\/strong> ne\u060c <strong>weliy\u00ean Rehman\u00ea<\/strong> ne\u060c <strong>ke\u015ft\u00eey\u00ean rizgariy\u00ea<\/strong> ne\u060c <strong>aleman\u00ean mirovahiy\u00ea<\/strong> ne\u060c \u00fb <strong>rehmeta Xwed\u00ea<\/strong> ne bo hem\u00fb xelk\u00ea.<\/p>\n<p>\u00db \u00eero ez \u2014 pi\u015ft\u00ee ku min ji Koleja \u015eer\u00ee\u02bfet\u00ea derket \u2014 bi baweriyeke temam\u00ee bawer dikim ku ti\u015ft\u00ea ku li ser w\u00ee me <strong>rast e<\/strong>. Dema ku ev gotinan dib\u00eajim\u060c li hi\u015f\u00ea min diherike ka \u00e7awa min qerar dab\u00fb heval\u00ea xwe y\u00ea \u015e\u00ee\u02bfe \u00fb malbata w\u00ee rehber bikim\u061b l\u00ea w\u00eane <strong>bi p\u00ea\u00e7evan\u00ee<\/strong> veger\u00ee\u060c \u00fb ew b\u00fb <strong>sedema rehberiya min<\/strong>. Xwed\u00ea w\u00ee serkeft\u00ee bike.<\/p>\n<p>Ez dest\u00ea w\u00ea <strong>dest\u00ea rehmeta Xwed\u00ea<\/strong> j\u00ee ji b\u00eer nakim ku her dem bi dilsoz\u00eeyeke mezin li ser min b\u00fb. Ji te re sipas e\u060c ey Perwerdegar\u00ea min\u060c sipasek ku bi mezinahiya te re guncaw e\u060c \u00fb bi nimeta te ya mezin re.<\/p>\n<p><em>Ji pirt\u00fbka <strong>\u201cWergirtim \u00fb ke\u015ftiy\u00ea siwar b\u00fbm\u201d<\/strong> ya \u015f\u00eax Mervan Xel\u00eefat.<\/em><\/p>\n","protected":false},"excerpt":{"rendered":"<p>Sedema sereke ya ku mamoste Mervan Xel\u00eefat bi te\u015feyyu\u02bf\u00ea ve \u00e7\u00fb Sedema sereke ya ku \u015f\u00eax Mervan Xel\u00eefat (bi neteweya Urdun\u00ee) bi te\u015feyyu\u02bf\u00ea ve \u00e7\u00fb Di dem\u00ea rojhilat\u00ea de, li ser yek ji r\u00eay\u00ean gund\u00ea, min bi heval\u00ea xwe y\u00ea \u015e\u00ee\u02bfe re dime\u015fiya. Rojek tune b\u00fb ku got\u00fbb\u00eaja me t\u00fbj neb\u00fb. W\u00ea dem\u00ea min dixwest [&hellip;]<\/p>\n","protected":false},"author":1,"featured_media":0,"comment_status":"open","ping_status":"open","sticky":false,"template":"","format":"standard","meta":{"footnotes":""},"categories":[3],"tags":[],"class_list":["post-87","post","type-post","status-publish","format-standard","hentry","category-stories","has-post-title","has-post-date","has-post-category","has-post-tag","has-post-comment","has-post-author",""],"_links":{"self":[{"href":"https:\/\/al-mostabserin.com\/kurdish\/wp-json\/wp\/v2\/posts\/87","targetHints":{"allow":["GET"]}}],"collection":[{"href":"https:\/\/al-mostabserin.com\/kurdish\/wp-json\/wp\/v2\/posts"}],"about":[{"href":"https:\/\/al-mostabserin.com\/kurdish\/wp-json\/wp\/v2\/types\/post"}],"author":[{"embeddable":true,"href":"https:\/\/al-mostabserin.com\/kurdish\/wp-json\/wp\/v2\/users\/1"}],"replies":[{"embeddable":true,"href":"https:\/\/al-mostabserin.com\/kurdish\/wp-json\/wp\/v2\/comments?post=87"}],"version-history":[{"count":3,"href":"https:\/\/al-mostabserin.com\/kurdish\/wp-json\/wp\/v2\/posts\/87\/revisions"}],"predecessor-version":[{"id":91,"href":"https:\/\/al-mostabserin.com\/kurdish\/wp-json\/wp\/v2\/posts\/87\/revisions\/91"}],"wp:attachment":[{"href":"https:\/\/al-mostabserin.com\/kurdish\/wp-json\/wp\/v2\/media?parent=87"}],"wp:term":[{"taxonomy":"category","embeddable":true,"href":"https:\/\/al-mostabserin.com\/kurdish\/wp-json\/wp\/v2\/categories?post=87"},{"taxonomy":"post_tag","embeddable":true,"href":"https:\/\/al-mostabserin.com\/kurdish\/wp-json\/wp\/v2\/tags?post=87"}],"curies":[{"name":"wp","href":"https:\/\/api.w.org\/{rel}","templated":true}]}}