{"id":9293,"date":"2026-04-26T11:11:43","date_gmt":"2026-04-26T07:41:43","guid":{"rendered":"https:\/\/al-mostabserin.com\/french\/?p=9293"},"modified":"2026-04-26T11:11:43","modified_gmt":"2026-04-26T07:41:43","slug":"ahmed-abd-as-salam","status":"publish","type":"post","link":"https:\/\/al-mostabserin.com\/french\/9293","title":{"rendered":"Ahmed \u2018Abd as-Sal\u00e2m"},"content":{"rendered":"<p><strong>Ahmed \u2018Abd as-Sal\u00e2m<\/strong><br \/>\n<em>(mal\u00e9kite \u2013 Maroc)<\/em><\/p>\n<p style=\"text-align: center;\"><img loading=\"lazy\" decoding=\"async\" class=\"alignnone size-full wp-image-9294\" src=\"http:\/\/al-mostabserin.com\/french\/wp-content\/uploads\/2026\/04\/64.jpg\" alt=\"\" width=\"100\" height=\"133\" \/><\/p>\n<p>Il est n\u00e9 en <strong>1388 H (1969)<\/strong> \u00e0 <strong>al-Qasr al-Kab\u00eer<\/strong>, au Maroc, et a grandi au sein d\u2019une famille de rite <strong>mal\u00e9kite<\/strong>.<!--more--><\/p>\n<p>Ahmed poursuivit ses \u00e9tudes jusqu\u2019\u00e0 l\u2019obtention d\u2019une <strong>licence en sciences \u00e9conomiques<\/strong>. Il n\u2019avait alors aucune connaissance du chiisme ni des chiites, jusqu\u2019au jour o\u00f9 il entra en contact avec certains <strong>convertis \u00e9clair\u00e9s<\/strong>. Les \u00e9changes et d\u00e9bats qu\u2019il eut avec eux, ainsi que la lecture des ouvrages des savants de l\u2019\u00e9cole des <strong>Gens de la Maison (Ahl al-Bayt, que la paix soit sur eux)<\/strong>, compt\u00e8rent parmi les facteurs d\u00e9terminants de son inclination vers leur doctrine.<\/p>\n<p>Ahmed raconte :<br \/>\n\u00ab Au fil de mes lectures des ouvrages historiques, des v\u00e9rit\u00e9s se sont r\u00e9v\u00e9l\u00e9es \u00e0 moi, que je n\u2019avais jamais entendues auparavant. Parmi elles, le fait que des guerres aient \u00e9clat\u00e9 entre musulmans apr\u00e8s le d\u00e9c\u00e8s du Noble Messager (que Dieu le b\u00e9nisse, lui et sa Famille). Cela m\u2019amena \u00e0 r\u00e9fl\u00e9chir \u00e0 la validit\u00e9 \u2014 ou non \u2014 de ma croyance en la justice de l\u2019ensemble des Compagnons. J\u2019en vins ensuite \u00e0 lire les \u00e9v\u00e9nements de la bataille de <strong>Siff\u00een<\/strong> et le r\u00f4le qu\u2019y jou\u00e8rent <strong>Mu\u2018\u00e2wiya<\/strong> et l\u2019Imam <strong>\u2018Ali ibn Ab\u00ee T\u00e2lib<\/strong> (que la paix soit sur lui). La question de l\u2019assassinat de <strong>\u2018Amm\u00e2r<\/strong> par le camp rebelle m\u2019interpella tout particuli\u00e8rement. J\u2019ai alors acquis la certitude que ce camp rebelle n\u2019\u00e9tait autre que celui de Mu\u2018\u00e2wiya et de ses partisans. J\u2019ai \u00e9galement compris que les premiers chiites faisaient partie des Compagnons eux-m\u00eames, tels que <strong>\u2018Amm\u00e2r<\/strong>, <strong>Ab\u00fb Dharr<\/strong> et <strong>Salman<\/strong>, et que le chiisme n\u2019\u00e9tait donc pas une r\u00e9alit\u00e9 apparue tardivement sur la sc\u00e8ne de l\u2019islam. \u00bb<\/p>\n<p>&nbsp;<\/p>\n<p><strong>L\u2019histoire atteste que \u2018Ali (que la paix soit sur lui) est dans le vrai<\/strong><\/p>\n<p>Apr\u00e8s une p\u00e9riode prolong\u00e9e de recherche et d\u2019investigation, et \u00e0 la suite de son admiration pour la personnalit\u00e9 de l\u2019Imam <strong>\u2018Ali<\/strong> (que la paix soit sur lui), ainsi que de sa lecture approfondie de l\u2019histoire de la bataille de <strong>Siff\u00een<\/strong>, au cours de laquelle <strong>\u2018Amm\u00e2r ibn Y\u00e2sir<\/strong> fut martyris\u00e9, Ahmed identifia le rite qui distingue clairement le <strong>vrai<\/strong> du <strong>faux<\/strong>. Il d\u00e9cida alors de le suivre et annon\u00e7a officiellement son adh\u00e9sion en <strong>1414 H (1994)<\/strong>, en <strong>Belgique<\/strong>.<\/p>\n<p>Depuis sa conversion \u00e9clair\u00e9e, il m\u00e8ne plusieurs <strong>activit\u00e9s dans le domaine doctrinal<\/strong>.<\/p>\n<p>&nbsp;<\/p>\n","protected":false},"excerpt":{"rendered":"<p>Ahmed \u2018Abd as-Sal\u00e2m (mal\u00e9kite \u2013 Maroc) Il est n\u00e9 en 1388 H (1969) \u00e0 al-Qasr al-Kab\u00eer, au Maroc, et a grandi au sein d\u2019une famille de rite mal\u00e9kite.<\/p>\n","protected":false},"author":1,"featured_media":0,"comment_status":"open","ping_status":"open","sticky":false,"template":"","format":"standard","meta":{"footnotes":""},"categories":[4],"tags":[],"class_list":["post-9293","post","type-post","status-publish","format-standard","hentry","category-biography","has-post-title","has-post-date","has-post-category","has-post-tag","has-post-comment","has-post-author",""],"_links":{"self":[{"href":"https:\/\/al-mostabserin.com\/french\/wp-json\/wp\/v2\/posts\/9293","targetHints":{"allow":["GET"]}}],"collection":[{"href":"https:\/\/al-mostabserin.com\/french\/wp-json\/wp\/v2\/posts"}],"about":[{"href":"https:\/\/al-mostabserin.com\/french\/wp-json\/wp\/v2\/types\/post"}],"author":[{"embeddable":true,"href":"https:\/\/al-mostabserin.com\/french\/wp-json\/wp\/v2\/users\/1"}],"replies":[{"embeddable":true,"href":"https:\/\/al-mostabserin.com\/french\/wp-json\/wp\/v2\/comments?post=9293"}],"version-history":[{"count":2,"href":"https:\/\/al-mostabserin.com\/french\/wp-json\/wp\/v2\/posts\/9293\/revisions"}],"predecessor-version":[{"id":9296,"href":"https:\/\/al-mostabserin.com\/french\/wp-json\/wp\/v2\/posts\/9293\/revisions\/9296"}],"wp:attachment":[{"href":"https:\/\/al-mostabserin.com\/french\/wp-json\/wp\/v2\/media?parent=9293"}],"wp:term":[{"taxonomy":"category","embeddable":true,"href":"https:\/\/al-mostabserin.com\/french\/wp-json\/wp\/v2\/categories?post=9293"},{"taxonomy":"post_tag","embeddable":true,"href":"https:\/\/al-mostabserin.com\/french\/wp-json\/wp\/v2\/tags?post=9293"}],"curies":[{"name":"wp","href":"https:\/\/api.w.org\/{rel}","templated":true}]}}