{"id":9288,"date":"2026-04-26T11:05:16","date_gmt":"2026-04-26T07:35:16","guid":{"rendered":"https:\/\/al-mostabserin.com\/french\/?p=9288"},"modified":"2026-04-26T11:05:16","modified_gmt":"2026-04-26T07:35:16","slug":"ahmed-motafakkir","status":"publish","type":"post","link":"https:\/\/al-mostabserin.com\/french\/9288","title":{"rendered":"Ahmed Motafakkir"},"content":{"rendered":"<p><strong>Ahmed Motafakkir<\/strong><br \/>\n<em>(mal\u00e9kite \u2013 Maroc)<\/em><\/p>\n<p style=\"text-align: center;\"><img loading=\"lazy\" decoding=\"async\" class=\"alignnone size-full wp-image-9290\" src=\"http:\/\/al-mostabserin.com\/french\/wp-content\/uploads\/2026\/04\/65-1.jpg\" alt=\"\" width=\"100\" height=\"133\" \/><\/p>\n<p>Il est n\u00e9 dans la ville de <strong>Marrakech<\/strong>, au Maroc, en <strong>1345 H (1927)<\/strong>, au sein d\u2019une famille de rite <strong>mal\u00e9kite<\/strong>. Son p\u00e8re avait profond\u00e9ment enracin\u00e9 dans son c\u0153ur l\u2019amour de l\u2019Imam \u2018Ali (que la paix soit sur lui) ; il lui parlait, ainsi qu\u2019aux membres de la famille, des m\u00e9rites et des vertus de cette grande personnalit\u00e9. C\u2019est ainsi qu\u2019Ahmed grandit en l\u2019aimant, ainsi que les Gens de sa Maison, convaincu de leurs nobles qualit\u00e9s et de leurs m\u00e9rites \u00e9minents.<!--more--><\/p>\n<p>Lorsqu\u2019il grandit et commen\u00e7a \u00e0 faire face \u00e0 la vie, <strong>l\u2019islam<\/strong> fut pour lui le meilleur soutien : il y puisa la m\u00e9thode et la croyance n\u00e9cessaires pour affronter ses difficult\u00e9s et emprunter ses chemins.<\/p>\n<p>Chaque fois qu\u2019il lisait les hadiths proph\u00e9tiques concernant les <strong>Ahl al-Bayt<\/strong> (que la paix soit sur eux), dans lesquels le Proph\u00e8te supr\u00eame (que Dieu le b\u00e9nisse, lui et sa Famille) exhortait \u00e0 les aimer \u2014 affirmant que leur amour est le signe d\u2019une foi sinc\u00e8re jaillissant du plus profond des c\u0153urs, que leur inimiti\u00e9 est un signe d\u2019hypocrisie, que celui qui les aime aime Dieu et Son Messager, et que celui qui les d\u00e9teste d\u00e9teste Dieu et Son Messager \u2014 son amour pour eux et sa conviction quant \u00e0 la justesse de leur voie dans les affaires religieuses et mondaines ne faisaient que cro\u00eetre.<\/p>\n<p>Il se disait int\u00e9rieurement qu\u2019il \u00e9tait de son devoir d\u2019ob\u00e9ir \u00e0 leurs commandements, de suivre leur exemple et de les d\u00e9fendre de toute son \u00e2me et de tous ses biens, car ils sont <strong>l\u2019un des Deux Poids (al-Thaqalayn)<\/strong> et <strong>l\u2019Arche du salut<\/strong>. Celui qui leur est loyal est loyal au Messager de Dieu, et celui qui leur est hostile est hostile au Messager de Dieu (que Dieu le b\u00e9nisse, lui et sa Famille). Rejeter leur autorit\u00e9 revient \u00e0 rejeter celle du Messager, et rejeter celle du Messager revient \u00e0 rejeter celle de Dieu, exalt\u00e9 soit-Il.<\/p>\n<p>&nbsp;<\/p>\n<p><strong>La sup\u00e9riorit\u00e9 de l\u2019Imam \u2018Ali (que la paix soit sur lui)<\/strong><\/p>\n<p>\u00c0 la suite d\u2019une recherche minutieuse et approfondie men\u00e9e par Ahmed, et apr\u00e8s avoir pris connaissance de la <strong>pr\u00e9\u00e9minence de l\u2019Imam, le Commandeur des croyants, \u2018Ali ibn Ab\u00ee T\u00e2lib<\/strong> (que la paix soit sur lui), et l\u2019avoir compar\u00e9e aux attitudes d\u2019autres personnages auxquels l\u2019histoire n\u2019a attribu\u00e9 aucun acte r\u00e9ellement honorable \u2014 comment pourraient-ils donc lui \u00eatre \u00e9gaux, et a fortiori lui \u00eatre sup\u00e9rieurs ? \u2014 il reconnut la v\u00e9rit\u00e9 et la suivit, identifia le faux et s\u2019en d\u00e9tourna, et embrassa le <strong>rite de la v\u00e9rit\u00e9<\/strong>, celui de la <strong>Famille (al-\u2018Itrah)<\/strong> (que la paix soit sur eux), et ce en <strong>1381 H (1962)<\/strong> (1).<\/p>\n<p><strong>Note :<\/strong><br \/>\n1 \u2014 Sayyid <strong>Muhammad al-Rad\u00ee al-Radaw\u00ee<\/strong> a consacr\u00e9 une section \u00e0 ce converti dans son ouvrage <em>Pourquoi avons-nous choisi le rite chiite imamite<\/em>, o\u00f9 il expose les preuves de sa conversion \u00e9clair\u00e9e, en se fondant sur une lettre envoy\u00e9e par le converti lui-m\u00eame \u00e0 al-Radaw\u00ee en <strong>1966<\/strong>.<\/p>\n<p>&nbsp;<\/p>\n","protected":false},"excerpt":{"rendered":"<p>Ahmed Motafakkir (mal\u00e9kite \u2013 Maroc) Il est n\u00e9 dans la ville de Marrakech, au Maroc, en 1345 H (1927), au sein d\u2019une famille de rite mal\u00e9kite. Son p\u00e8re avait profond\u00e9ment enracin\u00e9 dans son c\u0153ur l\u2019amour de l\u2019Imam \u2018Ali (que la paix soit sur lui) ; il lui parlait, ainsi qu\u2019aux membres de la famille, des [&hellip;]<\/p>\n","protected":false},"author":1,"featured_media":0,"comment_status":"open","ping_status":"open","sticky":false,"template":"","format":"standard","meta":{"footnotes":""},"categories":[4],"tags":[],"class_list":["post-9288","post","type-post","status-publish","format-standard","hentry","category-biography","has-post-title","has-post-date","has-post-category","has-post-tag","has-post-comment","has-post-author",""],"_links":{"self":[{"href":"https:\/\/al-mostabserin.com\/french\/wp-json\/wp\/v2\/posts\/9288","targetHints":{"allow":["GET"]}}],"collection":[{"href":"https:\/\/al-mostabserin.com\/french\/wp-json\/wp\/v2\/posts"}],"about":[{"href":"https:\/\/al-mostabserin.com\/french\/wp-json\/wp\/v2\/types\/post"}],"author":[{"embeddable":true,"href":"https:\/\/al-mostabserin.com\/french\/wp-json\/wp\/v2\/users\/1"}],"replies":[{"embeddable":true,"href":"https:\/\/al-mostabserin.com\/french\/wp-json\/wp\/v2\/comments?post=9288"}],"version-history":[{"count":2,"href":"https:\/\/al-mostabserin.com\/french\/wp-json\/wp\/v2\/posts\/9288\/revisions"}],"predecessor-version":[{"id":9292,"href":"https:\/\/al-mostabserin.com\/french\/wp-json\/wp\/v2\/posts\/9288\/revisions\/9292"}],"wp:attachment":[{"href":"https:\/\/al-mostabserin.com\/french\/wp-json\/wp\/v2\/media?parent=9288"}],"wp:term":[{"taxonomy":"category","embeddable":true,"href":"https:\/\/al-mostabserin.com\/french\/wp-json\/wp\/v2\/categories?post=9288"},{"taxonomy":"post_tag","embeddable":true,"href":"https:\/\/al-mostabserin.com\/french\/wp-json\/wp\/v2\/tags?post=9288"}],"curies":[{"name":"wp","href":"https:\/\/api.w.org\/{rel}","templated":true}]}}