{"id":9284,"date":"2026-04-26T11:02:06","date_gmt":"2026-04-26T07:32:06","guid":{"rendered":"https:\/\/al-mostabserin.com\/french\/?p=9284"},"modified":"2026-04-26T11:02:06","modified_gmt":"2026-04-26T07:32:06","slug":"badr-ad-din-ibn-at-tayyib-kassouba","status":"publish","type":"post","link":"https:\/\/al-mostabserin.com\/french\/9284","title":{"rendered":"Badr ad-D\u00een ibn at-Tayyib Kassouba"},"content":{"rendered":"<p><strong>Badr ad-D\u00een ibn at-Tayyib Kassouba<\/strong><br \/>\n<em>(mal\u00e9kite \u2013 Maroc)<\/em><\/p>\n<p style=\"text-align: center;\"><img loading=\"lazy\" decoding=\"async\" class=\"alignnone size-full wp-image-9285\" src=\"http:\/\/al-mostabserin.com\/french\/wp-content\/uploads\/2026\/04\/70.jpg\" alt=\"\" width=\"100\" height=\"133\" \/><\/p>\n<p>Il est n\u00e9 en <strong>1391 H (1971)<\/strong> dans la ville de <strong>Sal\u00e9<\/strong>, au Maroc, et a grandi au sein d\u2019une famille sunnite de rite <strong>mal\u00e9kite<\/strong>.<!--more--><\/p>\n<p>Badr ad-D\u00een poursuivit ses \u00e9tudes universitaires jusqu\u2019\u00e0 l\u2019obtention d\u2019une <strong>licence en math\u00e9matiques<\/strong> ainsi que d\u2019un <strong>baccalaur\u00e9at en statistique<\/strong>.<\/p>\n<p>Sur le plan religieux, apr\u00e8s avoir atteint la maturit\u00e9 intellectuelle, de nouveaux horizons rationnels s\u2019ouvrirent \u00e0 lui, l\u2019amenant \u00e0 rechercher les diff\u00e9rentes visions et doctrines afin de parvenir \u00e0 une croyance libre, fond\u00e9e uniquement sur la <strong>preuve et l\u2019argumentation<\/strong>. Au cours de ses recherches, il s\u2019effor\u00e7a de s\u2019\u00e9loigner de toute dimension non scientifique susceptible d\u2019alt\u00e9rer sa clart\u00e9 de jugement ou de nuire \u00e0 une investigation objective et impartiale.<\/p>\n<p>&nbsp;<\/p>\n<p><strong>\u00c9largir les horizons du savoir<\/strong><\/p>\n<p>Badr ad-D\u00een s\u2019attacha \u00e9galement \u00e0 <strong>\u00e9largir sa connaissance des diff\u00e9rents rites<\/strong>, afin de ne pas s\u2019enfermer dans un cadre cognitif \u00e9troit qui l\u2019obligerait \u00e0 appr\u00e9hender la v\u00e9rit\u00e9 sous un angle unique et l\u2019emp\u00eacherait d\u2019acc\u00e9der \u00e0 une vision globale.<\/p>\n<p>\u00c0 cette fin, il entreprit la lecture d\u2019ouvrages appartenant \u00e0 diverses \u00e9coles, et poursuivit ses recherches via <strong>Internet<\/strong>, afin de se familiariser avec les diff\u00e9rentes \u00e9coles de pens\u00e9e, doctrines religieuses et courants existants.<\/p>\n<p>&nbsp;<\/p>\n<p><strong>R\u00e9sultats de la comparaison entre les rites<\/strong><\/p>\n<p>Parmi les conclusions auxquelles parvint Badr ad-D\u00een au terme de ses recherches dans le champ islamique \u2014 dans le but d\u2019identifier le rite repr\u00e9sentant la continuit\u00e9 authentique du message apport\u00e9 par le Noble Messager (que Dieu le b\u00e9nisse, lui et sa Famille) \u2014 figure le constat que nombre de ses paroles (que Dieu le b\u00e9nisse, lui et sa Famille) insistent sur le <strong>suivi des Gens de la Maison (Ahl al-Bayt)<\/strong>, la n\u00e9cessit\u00e9 de s\u2019y attacher et de se conformer \u00e0 leur guidance. Cela l\u2019incita \u00e0 approfondir davantage sa connaissance des Ahl al-Bayt (que la paix soit sur eux).<\/p>\n<p>Il adressa ensuite plusieurs questions au <strong>Centre de recherches doctrinales<\/strong>, par l\u2019interm\u00e9diaire de son site Internet, sollicitant son orientation vers les sources lui permettant d\u2019acc\u00e9der \u00e0 une vision islamique correcte. Le Centre lui fournit alors des informations importantes dans ce domaine.<\/p>\n<p>C\u2019est ainsi qu\u2019il se familiarisa avec les <strong>Imams des Ahl al-Bayt (que la paix soit sur eux)<\/strong>, lut de nombreux hadiths rapport\u00e9s d\u2019eux, et fut attir\u00e9 par leurs lumi\u00e8res \u00e9clatantes. Son c\u0153ur s\u2019attacha \u00e0 eux au point qu\u2019il ne put plus s\u2019en d\u00e9tourner. Il pers\u00e9v\u00e9ra dans cet attachement et annon\u00e7a publiquement sa <strong>conversion \u00e9clair\u00e9e<\/strong> ainsi que son engagement envers le <strong>chiisme duod\u00e9cimain<\/strong>. Il r\u00e9side actuellement \u00e0 <strong>Montr\u00e9al, au Canada<\/strong>.<\/p>\n<p>&nbsp;<\/p>\n<p><strong>\u0152uvres<\/strong><\/p>\n<p><strong>1) <em>Al-Wa\u1e63iyya<\/em> \u2014 Recherche sur l\u2019analyse des formulations du hadith des Deux Poids (al-Thaqalayn)<\/strong><\/p>\n<p>L\u2019ouvrage a \u00e9t\u00e9 publi\u00e9 par le <strong>Centre de recherches doctrinales<\/strong> en <strong>1430 H<\/strong>, dans la collection <em>Le Voyage vers les Deux Poids<\/em>, n\u00b0 27.<\/p>\n<p>L\u2019auteur y expose sa conception du sens de la \u00ab wa\u1e63iyya \u00bb (recommandation testamentaire) et la raison de la r\u00e9daction de cet ouvrage, en d\u00e9clarant :<\/p>\n<p>\u00ab Par \u201cwa\u1e63iyya\u201d dans cette recherche, j\u2019entends ce qui a \u00e9t\u00e9 rapport\u00e9 du Proph\u00e8te (que Dieu le b\u00e9nisse, lui et sa Famille), tel que sa parole :<br \/>\n\u201cJe laisse parmi vous ce \u00e0 quoi, si vous vous y attachez, vous ne vous \u00e9garerez jamais apr\u00e8s moi\u2026\u201d<br \/>\nC\u2019est-\u00e0-dire le hadith par lequel il oriente sa communaut\u00e9 vers ce qui la pr\u00e9munit contre l\u2019\u00e9garement si elle s\u2019y conforme. Il s\u2019agit du <strong>hadith des Deux Poids<\/strong>, qui est associ\u00e9, dans certaines cha\u00eenes de transmission, \u00e0 sa parole :<br \/>\n\u201cCelui dont je suis le ma\u00eetre, \u2018Ali est son ma\u00eetre.\u201d \u00bb<\/p>\n<p>Ce hadith compte parmi les textes les plus importants autour desquels subsiste encore un d\u00e9saccord entre chiites et sunnites. L\u2019objectif de cette recherche n\u2019est pas d\u2019entrer dans la controverse entre les deux parties, mais d\u2019examiner <strong>ce que le Proph\u00e8te (que Dieu le b\u00e9nisse, lui et sa Famille) a recommand\u00e9 \u00e0 sa communaut\u00e9<\/strong> en affirmant qu\u2019elle ne s\u2019\u00e9garerait pas apr\u00e8s lui si elle s\u2019y attachait. L\u2019\u00ab \u00e9garement \u00bb signifie ici la division de la communaut\u00e9 et son \u00e9loignement du droit chemin de Dieu qu\u2019Il a agr\u00e9\u00e9 pour elle \u2014 ou, autrement dit, sa sortie du cadre de la parole divine :<br \/>\n\u00ab Attachez-vous tous au Cordeau de Dieu et ne vous divisez pas \u00bb (1).<\/p>\n<p>On peut \u00e9galement comprendre cela \u00e0 la lumi\u00e8re de l\u2019annonce proph\u00e9tique selon laquelle les liens de l\u2019islam se d\u00e9feront un \u00e0 un : chaque fois qu\u2019un lien se rompt, les gens s\u2019agrippent \u00e0 celui qui suit ; le premier \u00e0 se rompre est le <strong>pouvoir<\/strong>, le dernier est la <strong>pri\u00e8re<\/strong>. Lorsque le lien du pouvoir fut rompu, l\u2019unit\u00e9 prescrite par Dieu et par Son Messager (que Dieu le b\u00e9nisse, lui et sa Famille) se d\u00e9sagr\u00e9gea, menant \u00e0 la situation actuelle : des troubles o\u00f9 l\u2019homme sage devient perplexe, et o\u00f9 l\u2019islam est devenu parmi nous un \u00e9tranger.<\/p>\n<p>L\u2019ouvrage comprend une introduction et <strong>douze chapitres<\/strong>, parmi lesquels :<\/p>\n<ul>\n<li>Pr\u00e9sentation des r\u00e9cits<\/li>\n<li>Distinction entre les r\u00e9cits du p\u00e8lerinage et ceux de Ghad\u00eer<\/li>\n<li>Arbre des cha\u00eenes de transmission<\/li>\n<li>R\u00e9cits de la recommandation lors du p\u00e8lerinage<\/li>\n<li><em>Le Livre de Dieu et ma Sunna<\/em><\/li>\n<li><em>Le Livre de Dieu et ma Famille, les Gens de ma Maison<\/em><\/li>\n<li>Analyse des r\u00e9cits rapport\u00e9s par chaque Compagnon<\/li>\n<li>Analyse des formulations du hadith des Deux Poids<\/li>\n<li>R\u00e9cits : \u00ab Celui dont je suis le ma\u00eetre, \u2018Ali est son ma\u00eetre \u00bb<\/li>\n<li>Les formulations les plus authentiques du hadith des Deux Poids<\/li>\n<\/ul>\n<p><strong>2) <em>Clarification du propos concernant la question de la position des mains dans la pri\u00e8re<\/em><\/strong><\/p>\n<p>Publi\u00e9 par l\u2019instance scientifique de la <strong>hawza du Messager supr\u00eame<\/strong> (que Dieu le b\u00e9nisse, lui et sa Famille) au Kowe\u00eft, dans la collection <em>Priez comme vous m\u2019avez vu prier<\/em>. L\u2019ouvrage traite de l\u2019examen des divergences juridiques relatives \u00e0 la pri\u00e8re.<\/p>\n<p><strong>3) <em>La lumi\u00e8re \u00e9clatante sur les m\u00e9rites sp\u00e9cifiques de l\u2019Imam \u2018Ali<\/em> (que la paix soit sur lui)<\/strong><\/p>\n<p><strong>4) <em>F\u00e9licitations et bonnes nouvelles dans la connaissance des douze califes<\/em><\/strong><\/p>\n<p>&nbsp;<\/p>\n<p><strong>\u00c0 propos de son livre <em>Al-Wa\u1e63iyya<\/em><\/strong><\/p>\n<p>Outre la mention des cha\u00eenes de transmission authentiques et acceptables concernant les hadiths de la recommandation du <strong>Livre<\/strong> et de la <strong>Famille<\/strong> (que la paix soit sur eux), l\u2019auteur examine le hadith auquel les sunnites s\u2019attachent le plus souvent :<br \/>\n<em>\u00ab Le Livre de Dieu et ma Sunna \u00bb<\/em>.<\/p>\n<p>Dans le <strong>cinqui\u00e8me chapitre<\/strong>, il \u00e9crit :<\/p>\n<p>\u00ab La formulation la plus r\u00e9pandue parmi la majorit\u00e9 des musulmans concernant la recommandation du Proph\u00e8te (que Dieu le b\u00e9nisse, lui et sa Famille) est :<br \/>\n\u201cJe laisse parmi vous ce \u00e0 quoi, si vous vous y attachez, vous ne vous \u00e9garerez jamais apr\u00e8s moi : le Livre de Dieu et ma Sunna.\u201d<br \/>\nAl-Qurtub\u00ee commente ce hadith en disant : \u201cIl est conserv\u00e9, connu et c\u00e9l\u00e8bre aupr\u00e8s des savants, \u00e0 tel point que sa notori\u00e9t\u00e9 dispense presque de la cha\u00eene de transmission.\u201d \u00bb<\/p>\n<p>Pourtant, l\u2019examen rigoureux r\u00e9v\u00e8le qu\u2019<strong>aucune cha\u00eene fiable<\/strong> ne soutient cette formulation. Elle a \u00e9t\u00e9 diffus\u00e9e par des transmetteurs accus\u00e9s, par les sp\u00e9cialistes de la critique du hadith, de <strong>mensonge<\/strong> et de <strong>zandaqa<\/strong> (h\u00e9r\u00e9sie).<\/p>\n<p>L\u2019auteur expose ensuite les jugements des sp\u00e9cialistes du <em>jar\u1e25 wa-ta\u2018d\u00eel<\/em> concernant plusieurs de ces narrateurs \u2014 parmi lesquels <strong>Sayf ibn \u2018Umar<\/strong>, <strong>\u1e62\u00e2li\u1e25 ibn M\u00fbs\u00e2<\/strong>, <strong>Kath\u00eer ibn \u2018Abd All\u00e2h<\/strong>, et <strong>Ism\u00e2\u2018\u00eel ibn Ab\u00ee Uways<\/strong> \u2014 montrant qu\u2019ils sont <strong>abandonn\u00e9s<\/strong>, <strong>faibles<\/strong>, voire accus\u00e9s de fabrication de hadiths.<\/p>\n<p>Il conclut que ces transmetteurs ne sont pas dignes de confiance, m\u00eame dans les domaines o\u00f9 certains savants tol\u00e8rent la transmission de r\u00e9cits faibles, <strong>a fortiori<\/strong> lorsqu\u2019il s\u2019agit de la recommandation du Proph\u00e8te (que Dieu le b\u00e9nisse, lui et sa Famille) concernant ce qui pr\u00e9munit la communaut\u00e9 contre l\u2019\u00e9garement apr\u00e8s lui.<\/p>\n<p>L\u2019auteur pr\u00e9cise qu\u2019il s\u2019est limit\u00e9 aux <strong>r\u00e9cits \u00e0 cha\u00eene continue<\/strong>, \u00e9cartant les r\u00e9cits interrompus ou rapport\u00e9s sans cha\u00eene, notamment ceux cit\u00e9s par al-Tabar\u00ee dans son <em>Histoire<\/em> et celui rapport\u00e9 de mani\u00e8re suspendue dans le <em>Muwa\u1e6d\u1e6da\u2019<\/em> de M\u00e2lik.<\/p>\n<p>Selon lui, la principale raison de la diffusion de cette formulation \u2014 malgr\u00e9 l\u2019absence de transmetteurs fiables \u2014 r\u00e9side dans la <strong>neutralit\u00e9 apparente de son contenu<\/strong>, puisque les musulmans s\u2019accordent unanimement sur l\u2019obligation de suivre le Livre de Dieu et la Sunna de Son Proph\u00e8te (que Dieu le b\u00e9nisse, lui et sa Famille). Cela a facilit\u00e9 son acceptation par le grand public, les pr\u00e9dicateurs, les \u00e9crivains et m\u00eame certains savants, <strong>sans examen critique<\/strong>, car son contenu ne suscite pas, \u00e0 premi\u00e8re vue, de soup\u00e7on ou de remise en question (7).<\/p>\n<p><strong>R\u00e9f\u00e9rences<\/strong><\/p>\n<ol>\n<li>\u00c2l \u2018Imr\u00e2n : 103.<\/li>\n<li><em>At-Tamh\u00eed<\/em>, 24:331.<\/li>\n<li>Voir : <em>Al-K\u00e2mil<\/em> d\u2019Ibn \u2018Ad\u00ee, <em>Tahdh\u00eeb al-Kam\u00e2l<\/em>, <em>Al-K\u00e2shif<\/em>, <em>M\u00eez\u00e2n al-I\u2018tid\u00e2l<\/em>, etc.<\/li>\n<li>Voir : <em>Al-\u2018Ilal<\/em> d\u2019Ahmad ibn Hanbal, <em>At-T\u00e2r\u00eekh a\u1e63-\u1e62agh\u00eer<\/em> d\u2019al-Bukh\u00e2r\u00ee, etc.<\/li>\n<li>Voir : <em>Al-\u2018Ilal<\/em> d\u2019Ahmad ibn Hanbal, <em>Al-Majr\u00fb\u1e25\u00een<\/em> d\u2019Ibn \u1e24ibb\u00e2n, etc.<\/li>\n<li><em>Fat\u1e25 al-Malik al-\u2018Al\u00ee<\/em>, p. 36.<\/li>\n<li>Extraits de <em>Al-Wa\u1e63iyya<\/em>, pp. 117\u2013121 (l\u00e9g\u00e8rement adapt\u00e9s).<\/li>\n<\/ol>\n<p>&nbsp;<\/p>\n","protected":false},"excerpt":{"rendered":"<p>Badr ad-D\u00een ibn at-Tayyib Kassouba (mal\u00e9kite \u2013 Maroc) Il est n\u00e9 en 1391 H (1971) dans la ville de Sal\u00e9, au Maroc, et a grandi au sein d\u2019une famille sunnite de rite mal\u00e9kite.<\/p>\n","protected":false},"author":1,"featured_media":0,"comment_status":"open","ping_status":"open","sticky":false,"template":"","format":"standard","meta":{"footnotes":""},"categories":[4],"tags":[],"class_list":["post-9284","post","type-post","status-publish","format-standard","hentry","category-biography","has-post-title","has-post-date","has-post-category","has-post-tag","has-post-comment","has-post-author",""],"_links":{"self":[{"href":"https:\/\/al-mostabserin.com\/french\/wp-json\/wp\/v2\/posts\/9284","targetHints":{"allow":["GET"]}}],"collection":[{"href":"https:\/\/al-mostabserin.com\/french\/wp-json\/wp\/v2\/posts"}],"about":[{"href":"https:\/\/al-mostabserin.com\/french\/wp-json\/wp\/v2\/types\/post"}],"author":[{"embeddable":true,"href":"https:\/\/al-mostabserin.com\/french\/wp-json\/wp\/v2\/users\/1"}],"replies":[{"embeddable":true,"href":"https:\/\/al-mostabserin.com\/french\/wp-json\/wp\/v2\/comments?post=9284"}],"version-history":[{"count":2,"href":"https:\/\/al-mostabserin.com\/french\/wp-json\/wp\/v2\/posts\/9284\/revisions"}],"predecessor-version":[{"id":9287,"href":"https:\/\/al-mostabserin.com\/french\/wp-json\/wp\/v2\/posts\/9284\/revisions\/9287"}],"wp:attachment":[{"href":"https:\/\/al-mostabserin.com\/french\/wp-json\/wp\/v2\/media?parent=9284"}],"wp:term":[{"taxonomy":"category","embeddable":true,"href":"https:\/\/al-mostabserin.com\/french\/wp-json\/wp\/v2\/categories?post=9284"},{"taxonomy":"post_tag","embeddable":true,"href":"https:\/\/al-mostabserin.com\/french\/wp-json\/wp\/v2\/tags?post=9284"}],"curies":[{"name":"wp","href":"https:\/\/api.w.org\/{rel}","templated":true}]}}