{"id":9280,"date":"2026-04-25T12:39:33","date_gmt":"2026-04-25T09:09:33","guid":{"rendered":"https:\/\/al-mostabserin.com\/french\/?p=9280"},"modified":"2026-04-25T12:39:33","modified_gmt":"2026-04-25T09:09:33","slug":"abd-allah-ad-dahdouh","status":"publish","type":"post","link":"https:\/\/al-mostabserin.com\/french\/9280","title":{"rendered":"\u2018Abd All\u00e2h ad-Dahdouh"},"content":{"rendered":"<p><strong>\u2018Abd All\u00e2h ad-Dahdouh<\/strong><br \/>\n<strong>Le cheikh martyr \u2018Abd All\u00e2h ad-Dahdouh<\/strong> <em>(sunnite \u2013 Maroc)<\/em><\/p>\n<p style=\"text-align: center;\"><img loading=\"lazy\" decoding=\"async\" class=\"alignnone size-medium wp-image-9281\" src=\"http:\/\/al-mostabserin.com\/french\/wp-content\/uploads\/2026\/04\/\u0639\u0628\u062f\u0627\u0644\u0644\u0647_\u062f\u0647\u062f\u0648\u0647-197x300.jpg\" alt=\"\" width=\"197\" height=\"300\" srcset=\"https:\/\/al-mostabserin.com\/french\/wp-content\/uploads\/2026\/04\/\u0639\u0628\u062f\u0627\u0644\u0644\u0647_\u062f\u0647\u062f\u0648\u0647-197x300.jpg 197w, https:\/\/al-mostabserin.com\/french\/wp-content\/uploads\/2026\/04\/\u0639\u0628\u062f\u0627\u0644\u0644\u0647_\u062f\u0647\u062f\u0648\u0647.jpg 304w\" sizes=\"auto, (max-width: 197px) 100vw, 197px\" \/><\/p>\n<p>Il est n\u00e9 en <strong>1385 H (1966)<\/strong> dans la ville de <strong>Tanger<\/strong>, l\u2019un des plus grands centres industriels et commerciaux du Maroc. Il a grandi au sein d\u2019une famille de rite sunnite.<!--more--><\/p>\n<p>\u2018Abd All\u00e2h poursuivit ses \u00e9tudes universitaires apr\u00e8s s\u2019\u00eatre rendu dans la capitale belge, <strong>Bruxelles<\/strong>, o\u00f9 il obtint une <strong>licence en sciences naturelles<\/strong> dans l\u2019une des universit\u00e9s de Belgique.<\/p>\n<p>Sur le plan doctrinal, et d\u00e8s l\u2019\u00e9veil de sa conscience intellectuelle, \u2018Abd All\u00e2h consid\u00e9rait comme n\u00e9cessaire de rechercher la v\u00e9rit\u00e9 religieuse en dehors de tout fanatisme sectaire ou nationaliste, \u00e0 travers une \u00e9tude globale de l\u2019histoire et des doctrines islamiques, seule \u00e0 m\u00eame de conduire vers le rivage de la s\u00e9curit\u00e9 spirituelle promise par Dieu aux justes.<\/p>\n<p>Parmi les conclusions auxquelles il parvint au cours de ses recherches figurait le constat que certains fondements sur lesquels repose le sunnisme ne concordent pas avec l\u2019histoire islamique telle que la rapportent les sources historiques. \u00c0 titre d\u2019exemple, cette pens\u00e9e consid\u00e8re la th\u00e9orie de la \u00ab justice de tous les Compagnons \u00bb comme l\u2019un de ses piliers majeurs ; or, l\u2019examen de l\u2019histoire r\u00e9v\u00e8le de nombreux \u00e9v\u00e9nements qui en invalident la validit\u00e9. \u00c0 ce sujet, \u2018Abd All\u00e2h d\u00e9clare, dans le cadre de son discours sur l\u2019unit\u00e9 musulmane :<br \/>\n\u00ab \u2026 cela ne nous emp\u00eache nullement d\u2019\u00e9tablir que tel ou tel Compagnon a commis une erreur dans telle question. Nous ne limitons pas cela \u00e0 Ab\u00fb Bakr, \u2018Umar ou \u2018Uthm\u00e2n : nombre de Compagnons du Proph\u00e8te (que Dieu le b\u00e9nisse, lui et sa Famille) ont commis des erreurs, et nous ne le dissimulons pas lorsque les circonstances l\u2019exigent \u2014 bien entendu, dans le cadre d\u2019une \u00e9tude objective et approfondie. \u00bb<\/p>\n<p>&nbsp;<\/p>\n<p><strong>De la guid\u00e9e personnelle \u00e0 la guidance de la soci\u00e9t\u00e9<\/strong><\/p>\n<p>Apr\u00e8s une p\u00e9riode de recherches ardues, les preuves explicites en faveur de la n\u00e9cessit\u00e9 de suivre le <strong>rite chiite<\/strong> ne laiss\u00e8rent \u00e0 \u2018Abd All\u00e2h d\u2019autre choix que de revoir ses positions ant\u00e9rieures et d\u2019adopter la voie des <strong>Gens de la Maison (Ahl al-Bayt, que la paix soit sur eux)<\/strong>. Il annon\u00e7a alors publiquement sa conversion \u00e9clair\u00e9e et son ralliement aux chiites du Proph\u00e8te et de sa Famille (que la paix soit sur eux).<\/p>\n<p>D\u00e9sireux d\u2019enrichir son capital spirituel et de s\u2019abreuver aux sources du savoir des Ahl al-Bayt (que la paix soit sur eux), il d\u00e9cida de rejoindre l\u2019une des plus anciennes et prestigieuses <strong>hawzas<\/strong> (s\u00e9minaires religieux). Il raconte \u00e0 ce propos :<br \/>\n\u00ab Je suis devenu chiite \u00e0 l\u2019\u00e2ge de <strong>23 ans<\/strong>, et quatre ans plus tard je suis parti \u00e9tudier dans la ville de <strong>Qom<\/strong>, en Iran, o\u00f9 j\u2019ai d\u00e9couvert en profondeur la pens\u00e9e chiite. \u00bb<\/p>\n<p>Il retourna ensuite en Belgique, mais sa soif de connaissance religieuse le poussa \u00e0 repartir une seconde fois vers la ville sainte de <strong>Qom<\/strong>, afin d\u2019\u00e9tancher pleinement cette soif. Il revint alors en Belgique avec un projet constructif visant \u00e0 guider la soci\u00e9t\u00e9 vers la voie des Ahl al-Bayt (que la paix soit sur eux). Pendant pr\u00e8s de <strong>vingt ans<\/strong>, il y mena une activit\u00e9 soutenue de pr\u00e9dication et de formation intellectuelle. Plus de <strong>200 \u00e9tudiants<\/strong> furent form\u00e9s sous sa direction, et il dirigea la pri\u00e8re des fid\u00e8les \u00e0 la <strong>mosqu\u00e9e de l\u2019Imam Rid\u00e2 (que la paix soit sur lui)<\/strong>, la plus grande mosqu\u00e9e chiite de Bruxelles.<\/p>\n<p>Par ailleurs, il contribua \u00e0 la publication d\u2019une revue jurisprudentielle et doctrinale en langue fran\u00e7aise intitul\u00e9e <strong>\u00ab Rayon de la sagesse \u00bb<\/strong>, et \u00e9crivit un ouvrage intitul\u00e9 : <strong>\u00ab La libert\u00e9 du point de vue de l\u2019islam et de l\u2019Occident \u00bb<\/strong>.<\/p>\n<p>&nbsp;<\/p>\n<p><strong>Le martyre sur la voie de Dieu<\/strong><\/p>\n<p>L\u2019id\u00e9e qu\u2019un adepte de l\u2019\u00e9cole chiite parvienne \u00e0 rassembler des fid\u00e8les en Occident autour de l\u2019amour et de l\u2019all\u00e9geance \u00e0 la Famille du Proph\u00e8te (que Dieu le b\u00e9nisse, lui et sa Famille) ne plut gu\u00e8re aux mercenaires de la pens\u00e9e wahhabite. Ils cherch\u00e8rent alors \u00e0 provoquer des troubles afin d\u2019emp\u00eacher les gens d\u2019\u00eatre influenc\u00e9s par son discours. Dans leur ultime tentative, certains de leurs partisans men\u00e8rent une attaque violente contre la mosqu\u00e9e o\u00f9 il dirigeait la pri\u00e8re et y mirent le feu. \u2018Abd All\u00e2h y mourut asphyxi\u00e9, rencontrant son Seigneur <strong>en martyr sur Sa voie<\/strong>, et ce en <strong>1432 H (2012)<\/strong>.<\/p>\n<p>Apr\u00e8s son martyre, sa d\u00e9pouille b\u00e9nie fut transf\u00e9r\u00e9e au Maroc. Il fut accompagn\u00e9 par une foule nombreuse de fid\u00e8les chiites lors de ses fun\u00e9railles dans sa ville natale de <strong>Tanger<\/strong>, o\u00f9 il fut inhum\u00e9.<\/p>\n<p>Plusieurs c\u00e9r\u00e9monies comm\u00e9moratives furent \u00e9galement organis\u00e9es \u00e0 <strong>Bruxelles<\/strong> et dans d\u2019autres villes o\u00f9 r\u00e9sident des adeptes des Ahl al-Bayt (que la paix soit sur eux).<\/p>\n<p><strong>Paix sur lui le jour o\u00f9 il naquit, le jour o\u00f9 il fut martyris\u00e9, et le jour o\u00f9 il sera ressuscit\u00e9 vivant.<\/strong><\/p>\n<p>&nbsp;<\/p>\n","protected":false},"excerpt":{"rendered":"<p>\u2018Abd All\u00e2h ad-Dahdouh Le cheikh martyr \u2018Abd All\u00e2h ad-Dahdouh (sunnite \u2013 Maroc) Il est n\u00e9 en 1385 H (1966) dans la ville de Tanger, l\u2019un des plus grands centres industriels et commerciaux du Maroc. Il a grandi au sein d\u2019une famille de rite sunnite.<\/p>\n","protected":false},"author":1,"featured_media":0,"comment_status":"open","ping_status":"open","sticky":false,"template":"","format":"standard","meta":{"footnotes":""},"categories":[4],"tags":[],"class_list":["post-9280","post","type-post","status-publish","format-standard","hentry","category-biography","has-post-title","has-post-date","has-post-category","has-post-tag","has-post-comment","has-post-author",""],"_links":{"self":[{"href":"https:\/\/al-mostabserin.com\/french\/wp-json\/wp\/v2\/posts\/9280","targetHints":{"allow":["GET"]}}],"collection":[{"href":"https:\/\/al-mostabserin.com\/french\/wp-json\/wp\/v2\/posts"}],"about":[{"href":"https:\/\/al-mostabserin.com\/french\/wp-json\/wp\/v2\/types\/post"}],"author":[{"embeddable":true,"href":"https:\/\/al-mostabserin.com\/french\/wp-json\/wp\/v2\/users\/1"}],"replies":[{"embeddable":true,"href":"https:\/\/al-mostabserin.com\/french\/wp-json\/wp\/v2\/comments?post=9280"}],"version-history":[{"count":2,"href":"https:\/\/al-mostabserin.com\/french\/wp-json\/wp\/v2\/posts\/9280\/revisions"}],"predecessor-version":[{"id":9283,"href":"https:\/\/al-mostabserin.com\/french\/wp-json\/wp\/v2\/posts\/9280\/revisions\/9283"}],"wp:attachment":[{"href":"https:\/\/al-mostabserin.com\/french\/wp-json\/wp\/v2\/media?parent=9280"}],"wp:term":[{"taxonomy":"category","embeddable":true,"href":"https:\/\/al-mostabserin.com\/french\/wp-json\/wp\/v2\/categories?post=9280"},{"taxonomy":"post_tag","embeddable":true,"href":"https:\/\/al-mostabserin.com\/french\/wp-json\/wp\/v2\/tags?post=9280"}],"curies":[{"name":"wp","href":"https:\/\/api.w.org\/{rel}","templated":true}]}}