{"id":9263,"date":"2026-04-25T11:59:19","date_gmt":"2026-04-25T08:29:19","guid":{"rendered":"https:\/\/al-mostabserin.com\/french\/?p=9263"},"modified":"2026-04-25T11:59:49","modified_gmt":"2026-04-25T08:29:49","slug":"ismail-saleh","status":"publish","type":"post","link":"https:\/\/al-mostabserin.com\/french\/9263","title":{"rendered":"Isma\u00efl Saleh"},"content":{"rendered":"<p><strong>Isma\u00efl Saleh<\/strong><br \/>\n<strong>Isma\u00efl Saleh<\/strong> <em>(shaf\u00e9ite \u2013 Mozambique)<\/em><\/p>\n<p style=\"text-align: center;\"><img loading=\"lazy\" decoding=\"async\" class=\"alignnone size-medium wp-image-9264\" src=\"http:\/\/al-mostabserin.com\/french\/wp-content\/uploads\/2026\/04\/3-225x300.jpg\" alt=\"\" width=\"225\" height=\"300\" srcset=\"https:\/\/al-mostabserin.com\/french\/wp-content\/uploads\/2026\/04\/3-225x300.jpg 225w, https:\/\/al-mostabserin.com\/french\/wp-content\/uploads\/2026\/04\/3.jpg 300w\" sizes=\"auto, (max-width: 225px) 100vw, 225px\" \/><\/p>\n<p>Il est n\u00e9 en <strong>1392 H (1973)<\/strong> sur l\u2019\u00eele de <strong>Mozambique<\/strong> et a grandi au sein d\u2019une famille adepte du <strong>rite shaf\u00e9ite<\/strong>, qu\u2019il suivit naturellement par h\u00e9ritage familial.<!--more--><\/p>\n<p>Isma\u00efl poursuivit ses \u00e9tudes acad\u00e9miques jusqu\u2019\u00e0 l\u2019obtention d\u2019un dipl\u00f4me \u00e9quivalent au <strong>dipl\u00f4me technique<\/strong>, parall\u00e8lement \u00e0 quoi il suivait des enseignements religieux relevant du rite shaf\u00e9ite.<\/p>\n<p>&nbsp;<\/p>\n<p><strong>Une vision religieuse coh\u00e9rente et int\u00e9gr\u00e9e<\/strong><\/p>\n<p>L\u2019histoire de l\u2019orientation spirituelle d\u2019Isma\u00efl d\u00e9buta d\u00e8s sa jeunesse. Un jour, au fil de discussions entre amis, il entendit \u00e9voquer certaines questions et conceptions islamiques qui retinrent fortement son attention. Il y d\u00e9couvrit des id\u00e9es profondes, coh\u00e9rentes et remarquables. Curieux d\u2019en conna\u00eetre les auteurs, il apprit qu\u2019elles \u00e9manaient d\u2019un groupe appel\u00e9 <strong>les chiites<\/strong>, r\u00e9sidant dans la capitale <strong>Maputo<\/strong>. D\u00e9sireux de mieux comprendre leurs croyances, il entreprit de s\u2019en rapprocher.<\/p>\n<p>D\u00e8s lors, anim\u00e9 d\u2019une ferme d\u00e9termination, il se rendit dans la capitale afin de s\u2019abreuver davantage de ces perspectives islamiques qui apaisaient son c\u0153ur et comblaient sa qu\u00eate int\u00e9rieure de v\u00e9rit\u00e9 religieuse. C\u2019est l\u00e0 qu\u2019il fit connaissance avec <strong>l\u2019\u00e9cole des Gens de la Maison (Ahl al-Bayt, que la paix soit sur eux)<\/strong>. Il s\u2019y inscrivit et commen\u00e7a \u00e0 recevoir un enseignement islamique conforme au <strong>rite chiite des Ahl al-Bayt<\/strong>.<\/p>\n<p>&nbsp;<\/p>\n<p><strong>Adoption du rite chiite<\/strong><\/p>\n<p>Une fois la doctrine chiite pleinement clarifi\u00e9e dans son esprit, et apr\u00e8s la lecture des ouvrages du <strong>Dr T\u00eej\u00e2n\u00ee Sam\u00e2w\u00ee<\/strong>, Isma\u00efl d\u00e9cida de rejoindre les rangs des adeptes des Ahl al-Bayt (que la paix soit sur eux). Il annon\u00e7a officiellement son <strong>adh\u00e9sion au chiisme<\/strong>, \u00e9v\u00e9nement qui eut lieu en <strong>1414 H (1994)<\/strong> dans la capitale mozambicaine, <strong>Maputo<\/strong>.<\/p>\n<p>Dans le but d\u2019approfondir son capital religieux, il entreprit, apr\u00e8s sa conversion, un voyage afin de rejoindre l\u2019une des <strong>hawzas<\/strong> (s\u00e9minaires religieux) de la ville sainte de <strong>Qom<\/strong>, berceau du savoir et de la connaissance islamiques.<\/p>\n<p>&nbsp;<\/p>\n","protected":false},"excerpt":{"rendered":"<p>Isma\u00efl Saleh Isma\u00efl Saleh (shaf\u00e9ite \u2013 Mozambique) Il est n\u00e9 en 1392 H (1973) sur l\u2019\u00eele de Mozambique et a grandi au sein d\u2019une famille adepte du rite shaf\u00e9ite, qu\u2019il suivit naturellement par h\u00e9ritage familial.<\/p>\n","protected":false},"author":1,"featured_media":0,"comment_status":"open","ping_status":"open","sticky":false,"template":"","format":"standard","meta":{"footnotes":""},"categories":[4],"tags":[],"class_list":["post-9263","post","type-post","status-publish","format-standard","hentry","category-biography","has-post-title","has-post-date","has-post-category","has-post-tag","has-post-comment","has-post-author",""],"_links":{"self":[{"href":"https:\/\/al-mostabserin.com\/french\/wp-json\/wp\/v2\/posts\/9263","targetHints":{"allow":["GET"]}}],"collection":[{"href":"https:\/\/al-mostabserin.com\/french\/wp-json\/wp\/v2\/posts"}],"about":[{"href":"https:\/\/al-mostabserin.com\/french\/wp-json\/wp\/v2\/types\/post"}],"author":[{"embeddable":true,"href":"https:\/\/al-mostabserin.com\/french\/wp-json\/wp\/v2\/users\/1"}],"replies":[{"embeddable":true,"href":"https:\/\/al-mostabserin.com\/french\/wp-json\/wp\/v2\/comments?post=9263"}],"version-history":[{"count":3,"href":"https:\/\/al-mostabserin.com\/french\/wp-json\/wp\/v2\/posts\/9263\/revisions"}],"predecessor-version":[{"id":9267,"href":"https:\/\/al-mostabserin.com\/french\/wp-json\/wp\/v2\/posts\/9263\/revisions\/9267"}],"wp:attachment":[{"href":"https:\/\/al-mostabserin.com\/french\/wp-json\/wp\/v2\/media?parent=9263"}],"wp:term":[{"taxonomy":"category","embeddable":true,"href":"https:\/\/al-mostabserin.com\/french\/wp-json\/wp\/v2\/categories?post=9263"},{"taxonomy":"post_tag","embeddable":true,"href":"https:\/\/al-mostabserin.com\/french\/wp-json\/wp\/v2\/tags?post=9263"}],"curies":[{"name":"wp","href":"https:\/\/api.w.org\/{rel}","templated":true}]}}