{"id":9143,"date":"2025-09-19T13:35:45","date_gmt":"2025-09-19T10:05:45","guid":{"rendered":"https:\/\/al-mostabserin.com\/french\/?p=9143"},"modified":"2025-09-19T13:36:17","modified_gmt":"2025-09-19T10:06:17","slug":"dr-sayed-issam-ali-yahya-al-imad","status":"publish","type":"post","link":"https:\/\/al-mostabserin.com\/french\/9143","title":{"rendered":"Dr. Sayed Issam Ali Yahya Al-Imad"},"content":{"rendered":"<p style=\"text-align: center;\"><img loading=\"lazy\" decoding=\"async\" class=\"alignnone size-medium wp-image-9144\" src=\"http:\/\/al-mostabserin.com\/french\/wp-content\/uploads\/2025\/09\/WhatsApp-Image-2021-02-15-at-13.04.32-2-300x225.jpeg\" alt=\"\" width=\"300\" height=\"225\" srcset=\"https:\/\/al-mostabserin.com\/french\/wp-content\/uploads\/2025\/09\/WhatsApp-Image-2021-02-15-at-13.04.32-2-300x225.jpeg 300w, https:\/\/al-mostabserin.com\/french\/wp-content\/uploads\/2025\/09\/WhatsApp-Image-2021-02-15-at-13.04.32-2-768x576.jpeg 768w, https:\/\/al-mostabserin.com\/french\/wp-content\/uploads\/2025\/09\/WhatsApp-Image-2021-02-15-at-13.04.32-2.jpeg 1008w\" sizes=\"auto, (max-width: 300px) 100vw, 300px\" \/><\/p>\n<p>Dr. Sayed Issam Ali Yahya Al-Imad<\/p>\n<p data-start=\"51\" data-end=\"120\"><strong data-start=\"51\" data-end=\"118\">Dr. Issam Ali Yahya Al-Imad<\/strong><!--more--><\/p>\n<p>Naissance et origines<br \/>\nIl naquit en 1365 H (1946) dans le village de \u00ab Harbit \u00bb, relevant du centre \u00ab Abou Kabir \u00bb, dans le gouvernorat de Sharqiya, \u00a0en \u00c9gypte. Il\u00a0 grandit dans une famille pieuse et profond\u00e9ment attach\u00e9e \u00e0 la religion, ce qui\u00a0 marqua sa personnalit\u00e9 d\u00e8s son jeune \u00e2ge. Son p\u00e8re l\u2019encourageait \u00e0 fr\u00e9quenter les cercles de science religieuse dans les mosqu\u00e9es et \u00e0 s\u2019int\u00e9resser \u00e0 la lecture du Coran et des hadiths.<\/p>\n<p>\u00c9tudes et formation<br \/>\nApr\u00e8s avoir termin\u00e9 l\u2019enseignement de base, il s\u2019inscrivit \u00e0 l\u2019universit\u00e9 d\u2019Al-Azhar au Caire, o\u00f9 il \u00e9tudia la jurisprudence islamique ainsi que la th\u00e9ologie. Il se distingua par sa vivacit\u00e9 d\u2019esprit et sa capacit\u00e9 \u00e0 d\u00e9battre, ce qui l\u2019amena \u00e0 approfondir ses recherches sur les diff\u00e9rentes \u00e9coles de pens\u00e9e islamiques.<\/p>\n<p>Orientation intellectuelle et transformation doctrinale<br \/>\nAu d\u00e9part, il suivait l\u2019\u00e9cole sunnite ash\u2018arite, rattach\u00e9e \u00e0 la tradition d\u2019Al-Azhar. Toutefois, au fil du temps et de ses recherches, il constata des contradictions dans certaines questions th\u00e9ologiques et historiques. Cela le poussa \u00e0 \u00e9largir ses lectures aux sources chiites, particuli\u00e8rement les ouvrages de kal\u00e2m et de hadiths. Cette ouverture intellectuelle entra\u00eena un profond changement dans sa pens\u00e9e, jusqu\u2019\u00e0 ce qu\u2019il adopte la doctrine chiite duod\u00e9cimaine.<\/p>\n<p>Conversion au chiisme<br \/>\nSon adh\u00e9sion au chiisme ne fut pas le fruit d\u2019un simple engouement, mais le r\u00e9sultat d\u2019ann\u00e9es d\u2019\u00e9tudes et d\u2019examen minutieux des preuves rationnelles et scripturaires. Apr\u00e8s avoir compar\u00e9 les arguments des deux \u00e9coles, il se convainquit que la position chiite \u00e9tait plus solide, notamment concernant la question de l\u2019imamat et de la succession du Proph\u00e8te (p). Il finit par d\u00e9clarer publiquement son appartenance au chiisme, malgr\u00e9 les pressions sociales et acad\u00e9miques qu\u2019il subit.<\/p>\n<p>Activit\u00e9s scientifiques et publications<br \/>\nApr\u00e8s sa conversion, il se consacra \u00e0 l\u2019\u00e9criture et \u00e0 la pr\u00e9dication. Il publia de nombreux ouvrages traitant de la th\u00e9ologie, de l\u2019histoire islamique et du droit compar\u00e9. Ses livres visent \u00e0 pr\u00e9senter le chiisme de mani\u00e8re argument\u00e9e et rationnelle aux lecteurs sunnites et non-musulmans. Parmi ses \u0153uvres les plus connues figurent : \u00ab Voyage vers la V\u00e9rit\u00e9 \u00bb, \u00ab Pour Allah, puis pour l\u2019Histoire \u00bb, et \u00ab Ma vie avec les hadiths \u00bb. Ses \u00e9crits ont \u00e9t\u00e9 traduits en plusieurs langues et diffus\u00e9s largement dans le monde musulman.<\/p>\n<p>D\u00e9bats et controverses<br \/>\nIl participa \u00e0 de nombreux d\u00e9bats t\u00e9l\u00e9vis\u00e9s et rencontres acad\u00e9miques, notamment avec des figures connues du courant salafiste. Parmi les d\u00e9bats les plus c\u00e9l\u00e8bres, figure celui qui l\u2019opposa au cheikh Othman Al-Khamis. Dans cette rencontre, il d\u00e9fendit la position chiite avec calme et rationalit\u00e9, en s\u2019appuyant sur des r\u00e9f\u00e9rences historiques et des textes authentiques, ce qui marqua profond\u00e9ment l\u2019audience.<\/p>\n<p>Impact et h\u00e9ritage<br \/>\nSa trajectoire intellectuelle a inspir\u00e9 de nombreux chercheurs et \u00e9tudiants \u00e0 approfondir l\u2019\u00e9tude comparative entre le sunnisme et le chiisme. Bien qu\u2019il ait fait face \u00e0 des critiques et \u00e0 des accusations de la part de certains cercles, son nom reste associ\u00e9 au courage intellectuel et \u00e0 la recherche de la v\u00e9rit\u00e9.<\/p>\n<p>En r\u00e9sum\u00e9, sa vie constitue un t\u00e9moignage vivant de la qu\u00eate spirituelle et rationnelle qui peut mener un homme de la tradition religieuse familiale \u00e0 une transformation doctrinale radicale, assum\u00e9e avec sinc\u00e9rit\u00e9 et pers\u00e9v\u00e9rance.<\/p>\n","protected":false},"excerpt":{"rendered":"<p>Dr. Sayed Issam Ali Yahya Al-Imad Dr. Issam Ali Yahya Al-Imad<\/p>\n","protected":false},"author":1,"featured_media":0,"comment_status":"open","ping_status":"open","sticky":false,"template":"","format":"standard","meta":{"footnotes":""},"categories":[4],"tags":[],"class_list":["post-9143","post","type-post","status-publish","format-standard","hentry","category-biography","has-post-title","has-post-date","has-post-category","has-post-tag","has-post-comment","has-post-author",""],"_links":{"self":[{"href":"https:\/\/al-mostabserin.com\/french\/wp-json\/wp\/v2\/posts\/9143","targetHints":{"allow":["GET"]}}],"collection":[{"href":"https:\/\/al-mostabserin.com\/french\/wp-json\/wp\/v2\/posts"}],"about":[{"href":"https:\/\/al-mostabserin.com\/french\/wp-json\/wp\/v2\/types\/post"}],"author":[{"embeddable":true,"href":"https:\/\/al-mostabserin.com\/french\/wp-json\/wp\/v2\/users\/1"}],"replies":[{"embeddable":true,"href":"https:\/\/al-mostabserin.com\/french\/wp-json\/wp\/v2\/comments?post=9143"}],"version-history":[{"count":3,"href":"https:\/\/al-mostabserin.com\/french\/wp-json\/wp\/v2\/posts\/9143\/revisions"}],"predecessor-version":[{"id":9147,"href":"https:\/\/al-mostabserin.com\/french\/wp-json\/wp\/v2\/posts\/9143\/revisions\/9147"}],"wp:attachment":[{"href":"https:\/\/al-mostabserin.com\/french\/wp-json\/wp\/v2\/media?parent=9143"}],"wp:term":[{"taxonomy":"category","embeddable":true,"href":"https:\/\/al-mostabserin.com\/french\/wp-json\/wp\/v2\/categories?post=9143"},{"taxonomy":"post_tag","embeddable":true,"href":"https:\/\/al-mostabserin.com\/french\/wp-json\/wp\/v2\/tags?post=9143"}],"curies":[{"name":"wp","href":"https:\/\/api.w.org\/{rel}","templated":true}]}}