{"id":8520,"date":"2023-05-17T22:59:53","date_gmt":"2023-05-17T18:29:53","guid":{"rendered":"http:\/\/al-mostabserin.com\/french\/?p=8520"},"modified":"2023-05-17T22:59:53","modified_gmt":"2023-05-17T18:29:53","slug":"limamat-de-limam-jaafar-as-sadiq-as","status":"publish","type":"post","link":"https:\/\/al-mostabserin.com\/french\/8520","title":{"rendered":"L\u2019Imamat de L&rsquo;Imam Jaafar as-Sadiq (as)"},"content":{"rendered":"<p style=\"text-align: justify; line-height: 21.0pt; background: white; margin: 0in 0in 12.75pt 0in;\"><span style=\"font-size: 10.5pt; font-family: 'PT Serif',serif; color: black;\">La p\u00e9riode de son Imamat a co\u00efncid\u00e9 avec une \u00e8re mouvement\u00e9e de l\u2019histoire islamique qui a vu la chute du Califat Omeyyade et l\u2019av\u00e8nement du Califat Abbaside. Les guerres internes et les bouleversements politiques provoquaient des disfonctionnements dans le gouvernement Omeyyade. Ainsi, l\u2019Imam (as) v\u00e9cut durant le Califat Omeyyade et Abbasside d\u2019Abdoul Malik en passant par Marwan al-Himar jusqu\u2019au premier Califat Abbasside d\u2019abou al-Abbas as-Saffah et celui du fr\u00e8re de ce dernier al-Manssour.<\/span><!--more--><\/p>\n<p style=\"text-align: justify; line-height: 21.0pt; background: white; margin: 0in 0in 12.75pt 0in;\"><span style=\"font-size: 10.5pt; font-family: 'PT Serif',serif; color: black;\">Ce fait n\u2019est pas vraiment d\u00fb \u00e0 une long\u00e9vit\u00e9 particuli\u00e8re ou d\u2019une magnanimit\u00e9 du Califat, mais \u00e0 la politique de renversement de ces 2 Dynastie pour le pouvoir. Ce qui fait que l\u2019Imam as-Sadiq (as) a \u00e9t\u00e9 laiss\u00e9 en paix ce qui lui permis de pratiquer et prodiguer paisiblement l\u2019Islam suivant les enseignements du proph\u00e8te (p). Les derniers jours de la Dynastie Omeyyade qui s\u2019effondrait peu \u00e0 peu, les Abbassides ont exploit\u00e9s cette occasion pour se servir de cette instabilit\u00e9 politique, en se proclamant du titre de\u201dVengeurs des Banou Hachim \u201c. Ils ont feint de soutenir la cause des Ahloul Bayt (as) en pr\u00e9tendant faire p\u00e9rir les Omeyyades pour le sang injustement vers\u00e9 de l\u2019Imam al Hussein (as), des autres Imams (as) et des martyrs. Les musulmans qui g\u00e9missaient sous le joug des Omeyyades ont \u00e9t\u00e9 d\u00e9go\u00fbt\u00e9s de leurs atrocit\u00e9s et ils aspiraient secr\u00e8tement au retour du vrai islam du proph\u00e8te Mohammed (p) par le biais de ses descendants. Ils se sont rendus compte que si la conduite de l\u2019Islam allait aux AhloulBayt (as), qui \u00e9taient h\u00e9ritiers l\u00e9gitimes du proph\u00e8te(p), le prestige de l\u2019Islam en serait mis en valeur et que les enseignements du proph\u00e8te(p) seraient v\u00e9ritablement propag\u00e9s. Cependant, les Abbasides avaient secr\u00e8tement fait v\u0153ux de saisir le pouvoir des mains Omeyyades pour leurs propres compte et non pour r\u00e9tablir ce qui avait \u00e9t\u00e9 bafou\u00e9 durant tant d\u2019ann\u00e9es. Les musulmans ont \u00e9t\u00e9 ainsi tromp\u00e9s en les soutenants contre les Omeyyades. Apr\u00e8s la mort du Calife abou al-Abbass, son fr\u00e8re al Manssour prit le pouvoir qui \u00e9tait encore tr\u00e8s fragile.<\/span><!--more--><!--more--><\/p>\n<p style=\"text-align: justify; line-height: 21.0pt; background: white; box-sizing: border-box; outline: none; font-variant-ligatures: normal; font-variant-caps: normal; orphans: 2; widows: 2; -webkit-text-stroke-width: 0px; text-decoration-thickness: initial; text-decoration-style: initial; text-decoration-color: initial; word-spacing: 0px; margin: 0in 0in 12.75pt 0in;\"><span style=\"font-size: 10.5pt; font-family: 'PT Serif',serif; color: black;\">En r\u00e9alit\u00e9, al Manssour pourrait \u00eatre qualifi\u00e9 comme le v\u00e9ritable fondateur de la Dynastie Abbasside, il \u00e9tait tellement sournois que certains le consid\u00e9raient comme le nouveau Mo\u2019awya.<\/span><\/p>\n<p style=\"text-align: justify; line-height: 21.0pt; background: white; box-sizing: border-box; outline: none; font-variant-ligatures: normal; font-variant-caps: normal; orphans: 2; widows: 2; -webkit-text-stroke-width: 0px; text-decoration-thickness: initial; text-decoration-style: initial; text-decoration-color: initial; word-spacing: 0px; margin: 0in 0in 12.75pt 0in;\"><span style=\"font-size: 10.5pt; font-family: 'PT Serif',serif; color: black;\">La comparaison n\u2019est pas fausse et lorsqu\u2019il s\u2019agissait de machiav\u00e9lisme, la balance penche du c\u00f4t\u00e9 d\u2019al Manssour !<\/span><\/p>\n<p style=\"text-align: justify; line-height: 21.0pt; background: white; box-sizing: border-box; outline: none; font-variant-ligatures: normal; font-variant-caps: normal; orphans: 2; widows: 2; -webkit-text-stroke-width: 0px; text-decoration-thickness: initial; text-decoration-style: initial; text-decoration-color: initial; word-spacing: 0px; margin: 0in 0in 12.75pt 0in;\"><span style=\"font-size: 10.5pt; font-family: 'PT Serif',serif; color: black;\">En effet, ce tyran ne fut pas reconnaissant envers ceux qui \u00e9taient les pr\u00e9curseurs de son pouvoir, il ex\u00e9cuta m\u00eame son chef des arm\u00e9es abou Mouslim al Khourassani.<\/span><\/p>\n<p style=\"margin: 0in; text-align: justify; line-height: 21.0pt; background: white; box-sizing: border-box; outline: none; font-variant-ligatures: normal; font-variant-caps: normal; orphans: 2; widows: 2; -webkit-text-stroke-width: 0px; text-decoration-thickness: initial; text-decoration-style: initial; text-decoration-color: initial; word-spacing: 0px;\"><span style=\"font-size: 10.5pt; font-family: 'PT Serif',serif; color: black;\">L\u2019Imamas-Sadiq (as) savait bien que seul un musulman pieux, sans limite religieuse pouvait \u00eatre accept\u00e9 par les musulmans apr\u00e8s l\u2019effort qu\u2019ils avaient fournis pour renverser les Omeyyades. Mais fort des exp\u00e9riences de ses a\u00efeux et Imams pr\u00e9d\u00e9cesseurs il demeura loin du centre politique du pouvoir Abbasside et \u00e9vita m\u00eame de rencontrer le Calife al-Manssour.<\/span><\/p>\n<p style=\"margin: 0in; text-align: justify; line-height: 21.0pt; background: white;\"><span style=\"font-size: 10.5pt; font-family: 'PT Serif',serif; color: black;\">(Rappelons que les Imams Ali (as), al Hassan (as), al Hussein (as), Zayn al abidine (as) et Mohammed al Baqir (as) ont d\u00e9j\u00e0 pay\u00e9s de leurs vies et que l\u2019Imam as-Sadiq propageait \u00e0 son entourage les pr\u00e9ceptes des Ahloul Bayt (as).)<\/span><\/p>\n<p style=\"margin: 0in; text-align: justify; line-height: 21.0pt; background: white; box-sizing: border-box; outline: none; font-variant-ligatures: normal; font-variant-caps: normal; orphans: 2; widows: 2; -webkit-text-stroke-width: 0px; text-decoration-thickness: initial; text-decoration-style: initial; text-decoration-color: initial; word-spacing: 0px;\"><span style=\"font-size: 10.5pt; font-family: 'PT Serif',serif; color: black;\">Al Manssour se sentit offens\u00e9 de l\u2019attitude de l\u2019Imam as-Sadiq (as) qui ne voulant pas le rencontrer, injustifi\u00e9 son pouvoir \u00e0 juste titre.<\/span><\/p>\n<p style=\"margin: 0in; text-align: justify; line-height: 21.0pt; background: white;\"><strong><span style=\"font-size: 10.5pt; font-family: 'PT Serif',serif; color: black;\">Al Manssour fit convoquer l\u2019Imam (as) et lorsqu\u2019il fut en face de lui, lui dit :<\/span><\/strong><\/p>\n<p style=\"margin: 0in; text-align: justify; line-height: 21.0pt; background: white;\"><strong><span style=\"color: black; font-family: 'PT Serif', serif; font-size: 10.5pt;\">Pourquoi ne me visite pas comme le font tous les gens ?\u201d L\u2019Imam (as) r\u00e9pondit :<\/span><\/strong><\/p>\n<p style=\"text-align: justify; line-height: 21.0pt; background: white; box-sizing: border-box; outline: none; font-variant-ligatures: normal; font-variant-caps: normal; orphans: 2; widows: 2; -webkit-text-stroke-width: 0px; text-decoration-thickness: initial; text-decoration-style: initial; text-decoration-color: initial; word-spacing: 0px; margin: 0in 0in 12.75pt 0in;\"><strong><span style=\"font-size: 10.5pt; font-family: 'PT Serif',serif; color: black;\">\u201cDans ce bas monde, tu n\u2019as rien sur quoi je puisse te redouter ! En outre, tu ne d\u00e9tiens rien qui pourrait me servir pour l\u2019au-del\u00e0 !\u201d<\/span><\/strong><\/p>\n<p style=\"text-align: justify; line-height: 21.0pt; background: white; margin: 0in 0in 12.75pt 0in;\"><strong><span style=\"font-size: 10.5pt; font-family: 'PT Serif',serif; color: black;\">\u201cPar ailleurs, tu n\u2019es ni dans une gr\u00e2ce pour que nous en f\u00e9licitions, ni dans un malheur pour que je te pr\u00e9sente mes condol\u00e9ances.\u201d<\/span><\/strong><\/p>\n<p style=\"text-align: justify; line-height: 21.0pt; background: white; box-sizing: border-box; outline: none; font-variant-ligatures: normal; font-variant-caps: normal; orphans: 2; widows: 2; -webkit-text-stroke-width: 0px; text-decoration-thickness: initial; text-decoration-style: initial; text-decoration-color: initial; word-spacing: 0px; margin: 0in 0in 12.75pt 0in;\"><span style=\"font-size: 10.5pt; font-family: 'PT Serif',serif; color: black;\"><strong>Al Manssour r\u00e9pondit, \u201cAccompagne-moi afin de me conseiller !\u201d L\u2019Imam (as) lui r\u00e9pondit: \u201cQuiconque aurait aim\u00e9 la vie de ce monde ne t\u2019aurait pas conseill\u00e9 et quiconque aurait aim\u00e9 la vie de l\u2019au-del\u00e0 ne t\u2019aurait pas accompagn\u00e9 !<\/strong>\u201d Apr\u00e8s cette entrevue, al Manssour d\u00e9cida d\u2019organiser une campagne de d\u00e9nigrement contre l\u2019Imamas-Sadiq (as) et ses anc\u00eatres (as). Pour ce faire, il ordonna \u00e0 son gouverneur de M\u00e9dine de saisir toute occasion favorable de calomnier l\u2019Imam (as) et de rabaisser la Noblesse de son a\u00efeul, Ali Amir al mou\u2019minine (as).<\/span><\/p>\n<p style=\"text-align: justify; line-height: 21.0pt; background: white; box-sizing: border-box; outline: none; font-variant-ligatures: normal; font-variant-caps: normal; orphans: 2; widows: 2; -webkit-text-stroke-width: 0px; text-decoration-thickness: initial; text-decoration-style: initial; text-decoration-color: initial; word-spacing: 0px; margin: 0in 0in 12.75pt 0in;\"><span style=\"font-size: 10.5pt; font-family: 'PT Serif',serif; color: black;\">Par la suite, al Manssour qui n\u2019avait pas r\u00e9ussi sa campagne de calomnies envers l\u2019Imam (as) le laissa en paix pendant de longues ann\u00e9es, car son pouvoir devait \u00eatre stabilis\u00e9.<\/span><\/p>\n<p style=\"text-align: justify; line-height: 21.0pt; background: white; margin: 0in 0in 12.75pt 0in;\"><span style=\"font-size: 10.5pt; font-family: 'PT Serif',serif; color: black;\">\u00a0<\/span><\/p>\n","protected":false},"excerpt":{"rendered":"<p>Les guerres internes et les bouleversements politiques provoquaient des disfonctionnements dans le gouvernement Omeyyade. Ainsi, l\u2019Imam (as) v\u00e9cut durant le Califat Omeyyade et Abbasside d\u2019Abdoul Malik en passant par Marwan al-Himar jusqu\u2019au premier Califat Abbasside d\u2019abou al-Abbas as-Saffah et celui du fr\u00e8re de ce dernier al-Manssour.<\/p>\n","protected":false},"author":1,"featured_media":0,"comment_status":"open","ping_status":"open","sticky":false,"template":"","format":"standard","meta":{"footnotes":""},"categories":[7],"tags":[1287,319,1198,2753],"class_list":["post-8520","post","type-post","status-publish","format-standard","hentry","category-article","tag-califat","tag-islamique","tag-limamat","tag-periode","has-post-title","has-post-date","has-post-category","has-post-tag","has-post-comment","has-post-author",""],"_links":{"self":[{"href":"https:\/\/al-mostabserin.com\/french\/wp-json\/wp\/v2\/posts\/8520","targetHints":{"allow":["GET"]}}],"collection":[{"href":"https:\/\/al-mostabserin.com\/french\/wp-json\/wp\/v2\/posts"}],"about":[{"href":"https:\/\/al-mostabserin.com\/french\/wp-json\/wp\/v2\/types\/post"}],"author":[{"embeddable":true,"href":"https:\/\/al-mostabserin.com\/french\/wp-json\/wp\/v2\/users\/1"}],"replies":[{"embeddable":true,"href":"https:\/\/al-mostabserin.com\/french\/wp-json\/wp\/v2\/comments?post=8520"}],"version-history":[{"count":1,"href":"https:\/\/al-mostabserin.com\/french\/wp-json\/wp\/v2\/posts\/8520\/revisions"}],"predecessor-version":[{"id":8521,"href":"https:\/\/al-mostabserin.com\/french\/wp-json\/wp\/v2\/posts\/8520\/revisions\/8521"}],"wp:attachment":[{"href":"https:\/\/al-mostabserin.com\/french\/wp-json\/wp\/v2\/media?parent=8520"}],"wp:term":[{"taxonomy":"category","embeddable":true,"href":"https:\/\/al-mostabserin.com\/french\/wp-json\/wp\/v2\/categories?post=8520"},{"taxonomy":"post_tag","embeddable":true,"href":"https:\/\/al-mostabserin.com\/french\/wp-json\/wp\/v2\/tags?post=8520"}],"curies":[{"name":"wp","href":"https:\/\/api.w.org\/{rel}","templated":true}]}}