{"id":8295,"date":"2023-04-29T23:23:13","date_gmt":"2023-04-29T18:53:13","guid":{"rendered":"http:\/\/al-mostabserin.com\/french\/?p=8295"},"modified":"2024-10-22T14:12:19","modified_gmt":"2024-10-22T10:42:19","slug":"presence-chiite-en-italie","status":"publish","type":"post","link":"https:\/\/al-mostabserin.com\/french\/8295","title":{"rendered":"Pr\u00e9sence chiite en Italie"},"content":{"rendered":"<p><img loading=\"lazy\" decoding=\"async\" class=\"alignnone size-medium wp-image-8816\" src=\"http:\/\/al-mostabserin.com\/french\/wp-content\/uploads\/2023\/04\/046.-Presence-chiite-en-Italie-300x206.jpg\" alt=\"\" width=\"300\" height=\"206\" srcset=\"https:\/\/al-mostabserin.com\/french\/wp-content\/uploads\/2023\/04\/046.-Presence-chiite-en-Italie-300x206.jpg 300w, https:\/\/al-mostabserin.com\/french\/wp-content\/uploads\/2023\/04\/046.-Presence-chiite-en-Italie-768x528.jpg 768w, https:\/\/al-mostabserin.com\/french\/wp-content\/uploads\/2023\/04\/046.-Presence-chiite-en-Italie.jpg 1024w\" sizes=\"auto, (max-width: 300px) 100vw, 300px\" \/><\/p>\n<p>L\u2019Italie, en raison de ses relations d\u00e9licates avec le Liban et l\u2019Iran, a occasinn\u00e9 la pr\u00e9sence des chiites en Italie. <!--more-->La majorit\u00e9 des chiites sont concentr\u00e9s \u00e0 Rome, Milan, Brescia, Mestre, C\u00f4me, Legnano, Novara et Carpi, o\u00f9 vivent d\u2019importantes communaut\u00e9s d\u2019immigrants. L\u2019<a href=\"https:\/\/www.facebook.com\/AssociazioneAssirat\">association Assirat<\/a>\u00a0bas\u00e9e \u00e0 C\u00f4me est compos\u00e9e de la diaspora libanaise chiite et est dirig\u00e9e par Abdul Aziz Hamze. La page Facebook de l\u2019association partage r\u00e9guli\u00e8rement des vid\u00e9os du cheikh Bassam Qarut et du converti chiite italien Sheikh Abbas Di Palma. Le contenu en ligne est presque exclusivement religieux et apolitique. L\u2019association a \u00e9tabli un dialogue et une coop\u00e9ration avec la communaut\u00e9 catholique locale.<!--more--><\/p>\n<p>Pendant ce temps, les groupes chiites de\u00a0<a href=\"https:\/\/www.facebook.com\/MTIITALY\">Carpi<\/a>\u00a0ainsi que de Legnano, Novara et Palerme se composent d\u2019immigrants du Pakistan et du sous-continent indien. Ces groupes sont tr\u00e8s actifs dans les \u00e9v\u00e9nements sociaux et les rituels religieux, tels que la grande\u00a0<a href=\"https:\/\/www.facebook.com\/JAFARIA.LEGNANO.NOVARA.ITALY\/videos\/2389883367984561\">c\u00e9r\u00e9monie d\u2019Achoura<\/a>\u00a0devant la gare centrale de Milan, mais moins impliqu\u00e9s dans l\u2019activisme politique, bien que l\u2019Organisation Jafaria de Legnano-Novara\u00a0<a href=\"https:\/\/www.facebook.com\/JAFARIA.LEGNANO.NOVARA.ITALY\/photos\/a.1489661444609189\/2501492086759448\/\">ait partag\u00e9<\/a>\u00a0des messages en solidarit\u00e9 avec Qasem Soleimani, chef du Corps des Gardiens de la R\u00e9volution islamique en Iran, apr\u00e8s son \u00e9limination par l\u2019arm\u00e9e am\u00e9ricaine stationn\u00e9e en Irak.<\/p>\n<p>Le Centre islamique Imam Mahdi \u00e0 Rome est principalement\u00a0<a href=\"https:\/\/www.facebook.com\/IslamShiaItalia\/photos\/714428125359263\">compos\u00e9<\/a>\u00a0d\u2019Iraniens, d\u2019Afghans et de Pakistanais, plut\u00f4t que d\u2019Arabes. Il est dirig\u00e9 par le religieux converti italien Abbas Di Palma, qui a \u00e9tudi\u00e9 la th\u00e9ologie \u00e0 Damas et Qom.<\/p>\n","protected":false},"excerpt":{"rendered":"<p>L\u2019Italie, en raison de ses relations d\u00e9licates avec le Liban et l\u2019Iran, a occasinn\u00e9 la pr\u00e9sence des chiites en Italie.<\/p>\n","protected":false},"author":1,"featured_media":0,"comment_status":"open","ping_status":"open","sticky":false,"template":"","format":"standard","meta":{"footnotes":""},"categories":[12,14],"tags":[],"class_list":["post-8295","post","type-post","status-publish","format-standard","hentry","category-encyclopedia","category-guestbook","has-post-title","has-post-date","has-post-category","has-post-tag","has-post-comment","has-post-author",""],"_links":{"self":[{"href":"https:\/\/al-mostabserin.com\/french\/wp-json\/wp\/v2\/posts\/8295","targetHints":{"allow":["GET"]}}],"collection":[{"href":"https:\/\/al-mostabserin.com\/french\/wp-json\/wp\/v2\/posts"}],"about":[{"href":"https:\/\/al-mostabserin.com\/french\/wp-json\/wp\/v2\/types\/post"}],"author":[{"embeddable":true,"href":"https:\/\/al-mostabserin.com\/french\/wp-json\/wp\/v2\/users\/1"}],"replies":[{"embeddable":true,"href":"https:\/\/al-mostabserin.com\/french\/wp-json\/wp\/v2\/comments?post=8295"}],"version-history":[{"count":5,"href":"https:\/\/al-mostabserin.com\/french\/wp-json\/wp\/v2\/posts\/8295\/revisions"}],"predecessor-version":[{"id":8818,"href":"https:\/\/al-mostabserin.com\/french\/wp-json\/wp\/v2\/posts\/8295\/revisions\/8818"}],"wp:attachment":[{"href":"https:\/\/al-mostabserin.com\/french\/wp-json\/wp\/v2\/media?parent=8295"}],"wp:term":[{"taxonomy":"category","embeddable":true,"href":"https:\/\/al-mostabserin.com\/french\/wp-json\/wp\/v2\/categories?post=8295"},{"taxonomy":"post_tag","embeddable":true,"href":"https:\/\/al-mostabserin.com\/french\/wp-json\/wp\/v2\/tags?post=8295"}],"curies":[{"name":"wp","href":"https:\/\/api.w.org\/{rel}","templated":true}]}}