{"id":4419,"date":"2022-06-13T06:18:33","date_gmt":"2022-06-13T01:48:33","guid":{"rendered":"http:\/\/al-mostabserin.com\/french\/?p=4419"},"modified":"2022-06-12T21:48:07","modified_gmt":"2022-06-12T17:18:07","slug":"les-musulmans-de-belgique","status":"publish","type":"post","link":"https:\/\/al-mostabserin.com\/french\/4419","title":{"rendered":"Les musulmans de Belgique"},"content":{"rendered":"<p>&nbsp;<\/p>\n<p>Avant la p\u00e9riode du colonialisme, l&rsquo;Islam n&rsquo;avait pas une pr\u00e9sence marquante en Belgique. Mais apr\u00e8s la fin de la Seconde Guerre mondiale, l\u00e0 o\u00f9 le march\u00e9 de travail de la Belgique avait besoin de la main d&rsquo;\u0153uvre des pays musulmans, les fronti\u00e8res de la Belgique s&rsquo;ouvre sur les immigr\u00e9s musulmans venus essentiellement du Maroc et de la Turquie pour travailler dans les industries sid\u00e9rurgiques et dans les mines&#8230;<\/p>\n<p><!--more--><\/p>\n<h3>G\u00e9ographie<\/h3>\n<p>La Belgique est situ\u00e9e au centre de l&rsquo;Europe de l&rsquo;Ouest. Elle a des fronti\u00e8res communes \u00e0 l&rsquo;est avec l&rsquo;Allemagne, au sud et au sud-ouest avec la France, au sud-est avec le Luxembourg, et au nord avec les Pays-Bas. Elle est bord\u00e9e au nord-ouest par la mer du Nord. La plus longue fronti\u00e8re terrestre de la Belgique est celle avec la France, qui s&rsquo;\u00e9tend sur 626 kilom\u00e8tres. La superficie du pays s&rsquo;\u00e9tire sur 30 519 kilom\u00e8tres carr\u00e9, la Belgique \u00e9tant l&rsquo;un des plus petits pays de l&rsquo;Europe.<\/p>\n<p>&nbsp;<\/p>\n<p>La Belgique compte 9 provinces: Anvers, Flandre-Occidentale, Flandre-Orientale, Limbourg, Brabant, Hainaut, Li\u00e8ge, Namur et Luxembourg. Les villes principales du pays sont:<\/p>\n<p>&nbsp;<\/p>\n<p>&#8211; Bruxelles: 950.339 habitants. Capitale de la Belgique et chef-lieu de la province de Brabant, Bruxelles est la ville la plus peupl\u00e9e de la Belgique et abrite pr\u00e8s de 9.4% de la population nationale.<\/p>\n<p>&nbsp;<\/p>\n<p>&#8211; Anvers: 465.000 habitants.<\/p>\n<p>&nbsp;<\/p>\n<p>&#8211; Gand: 229.000 habitants. Gand est le chef-lieu de la province de Flandre-Orientale.<\/p>\n<p>&nbsp;<\/p>\n<p>&#8211; Charleroi: 207.000 habitants. Charleroi se trouve dans la province de Hainaut.<\/p>\n<p>&nbsp;<\/p>\n<p>&#8211; Li\u00e8ge: 196.000 habitants. Elle est le chef-lieu d&rsquo;une province du m\u00eame nom.<\/p>\n<p>&nbsp;<\/p>\n<p>&#8211; Bruges: 116.000 habitants. Elle est le chef-lieu de la province de Flandre-Occidentale.<\/p>\n<p>&nbsp;<\/p>\n<p>&#8211; Namur: 104.000 habitants. Elle est le chef-lieu d&rsquo;une province du m\u00eame nom.<\/p>\n<p>&nbsp;<\/p>\n<p>&#8211; Mons: 92.000 habitants. Mons est le chef-lieu de la province de Hainaut.<\/p>\n<p>&nbsp;<\/p>\n<p>&#8211; Courtois: 76.000 habitants. Elle est situ\u00e9e dans la province de Flandre-Occidentale.<\/p>\n<p>&nbsp;<\/p>\n<p>&#8211; Micheline: 75.000 habitants. Micheline se trouve dans la r\u00e9gion d&rsquo;Anatrope.<\/p>\n<p>&nbsp;<\/p>\n<h3>D\u00e9mographie<\/h3>\n<p>Selon les recensements de 2003, la Belgique comptait une population de 10.445.000 habitants, chiffre qui repr\u00e9sente 1\/500 de la population mondiale (environ 5 milliards), pla\u00e7ant la Belgique au 137\u00e8me rang des pays les plus peupl\u00e9s du monde. En outre, pr\u00e8s de 900.000 immigr\u00e9s et ressortissants des pays \u00e9trangers vivent en Belgique, surtout les Italiens qui repr\u00e9sentent, en effet, pr\u00e8s de 3% de la population de la Belgique (les Marocains, les Fran\u00e7ais, les N\u00e9erlandais et les Turcs repr\u00e9sentent pr\u00e8s de 6% de la population). En 1970, la Belgique a \u00e9t\u00e9 divis\u00e9e en quatre r\u00e9gions administratives d&rsquo;o\u00f9, d&rsquo;ailleurs, l&rsquo;apparition de nombreux probl\u00e8mes pour l&rsquo;ensemble du pays.<\/p>\n<p>&nbsp;<\/p>\n<p>La R\u00e9gion wallonne: Avec une superficie de 16.844 Km\u00b2, la r\u00e9gion wallonne, situ\u00e9e dans le sud du pays, est peupl\u00e9e par les Belges francophones, de culture fran\u00e7aise. Les Wallons repr\u00e9sentent 33% de la population de la Belgique.<\/p>\n<p>&nbsp;<\/p>\n<p>La R\u00e9gion flamande: Avec une superficie de 13.511 Km\u00b2, la r\u00e9gion flamande, situ\u00e9e dans l&rsquo;est de la Belgique. Les Flamands par la langue n\u00e9erlandaise et repr\u00e9sentent 56% de la population.<\/p>\n<p>&nbsp;<\/p>\n<p>La R\u00e9gion germanique: avec une superficie de 8.536 Km\u00b2, la r\u00e9gion germanophone de la Belgique est situ\u00e9e \u00e0 l&rsquo;est. Les germanophones vivent \u00e9galement dans certaines parties de la r\u00e9gion wallonne, et ne repr\u00e9sentent que 1% de la population.<\/p>\n<p>&nbsp;<\/p>\n<p>La r\u00e9gion de Bruxelles-Capitale: Avec une superficie de 162 Km\u00b2, la R\u00e9gion de Bruxelles-Capitale abrite pr\u00e8s de 11% de la population de la Belgique et une combinaison linguistique et culturelle des Wallons et des Flamands.<\/p>\n<p>&nbsp;<\/p>\n<h3>Histoire<\/h3>\n<p>La Belgique est un pays relativement jeune. Elle n&rsquo;a proclam\u00e9 son ind\u00e9pendance qu&rsquo;en 1831, et son ind\u00e9pendance a \u00e9t\u00e9 reconnue par les grands pays du monde il y a \u00e0 peu pr\u00e8s 175 ans.<\/p>\n<p>&nbsp;<\/p>\n<p>Vers l&rsquo;an 50 av. J.-C., la Belgique d&rsquo;aujourd&rsquo;hui \u00e9tait habit\u00e9e par les Celtes. En effet, c&rsquo;est gr\u00e2ce \u00e0 Jules C\u00e9sar que le nom de la Belgique a \u00e9t\u00e9 cit\u00e9 pour la premi\u00e8re fois dans des \u0153uvres historiques. Apr\u00e8s avoir envahi la Gaule (la France), le grand conqu\u00e9rant romain a d\u00e9cid\u00e9 de contr\u00f4ler toutes les r\u00e9gions situ\u00e9es sur la c\u00f4te ouest du Rhin (c&rsquo;est-\u00e0-dire les r\u00e9gions qui constituent aujourd&rsquo;hui la Belgique et les Pays-Bas). En effet, Jules C\u00e9sar avait bien compris que le Rhin d\u00e9fendrait comme un obstacle naturel les r\u00e9gions envahies par les Romains face aux attaques \u00e9ventuelles des troupeaux germaniques qui vivaient de l&rsquo;autre c\u00f4t\u00e9 du Rhin. C&rsquo;est la raison pour laquelle, Jules C\u00e9sar et ses troupes ont envahi la Belgique et les r\u00e9gions du sud des Pays-Bas, et ont annex\u00e9 toutes ces r\u00e9gions \u00e0 la Gaule d\u00e9j\u00e0 envahie par les Romains. Ces r\u00e9gions \u00e9taient nomm\u00e9es \u00ab\u00a0Belgique\u00a0\u00bb par les Romains, en allusion \u00e0 la race celtique des Belges anciens.<\/p>\n<p>&nbsp;<\/p>\n<p>Plus tard, apr\u00e8s l&rsquo;effondrement et la d\u00e9sint\u00e9gration de l&#8217;empire romain, commence en Europe l&rsquo;\u00e9poque de la f\u00e9odalit\u00e9. La plupart des pays soumis longtemps \u00e0 l&#8217;empire sont devenus des r\u00e9gions f\u00e9odales gouvern\u00e9es par des \u00ab\u00a0Seigneurs\u00a0\u00bb. La r\u00e9gion de Belgique ancienne dont la population s&rsquo;\u00e9tait d\u00e9j\u00e0 convertie au Christianisme avant la fin de l&#8217;empire romain, a perdu ainsi son unit\u00e9 administrative et a \u00e9t\u00e9 divis\u00e9e en six r\u00e9gions distinctes: Le Comt\u00e9 de Flandre, le Comt\u00e9 de Hainaut, le Comt\u00e9 de Namur, le Duch\u00e9 de Brabant, le Duch\u00e9 du Luxembourg, et la principaut\u00e9 de Li\u00e8ge.<\/p>\n<p>&nbsp;<\/p>\n<p>Vers la fin du VIIIe si\u00e8cle, Charlemagne a rendu \u00e0 la Belgique une partie de son unit\u00e9 perdue apr\u00e8s la chute de l&#8217;empire romain. En effet, Charlemagne qui avait conquit les pays germaniques (Allemagne), le pays des Francs (France) et les r\u00e9gions du nord de l&rsquo;Italie, a r\u00e9ussi d&rsquo;obtenir des serments all\u00e9geance des Seigneurs de toutes ces r\u00e9gions, ainsi aux ducs et aux comtes de la Belgique pour qu&rsquo;ils se soumettent \u00e0 son empire. Mais apr\u00e8s la mort de Charlemagne, son vaste empire a \u00e9t\u00e9 d\u00e9membr\u00e9. Dans les r\u00e9gions occidentales de son empire, appara\u00eet alors un nouveau pays: la France; tandis qu&rsquo;\u00e0 l&rsquo;ouest, l'\u00a0\u00bbEmpire Sacr\u00e9\u00a0\u00bb des Germaniques poursuit son existence. C&rsquo;est en l&rsquo;an 1555 que la Belgique a \u00e9t\u00e9 annex\u00e9e par l&#8217;empire espagnol, en tant qu&rsquo;une partie de l&rsquo;h\u00e9ritage de Charles-quint. L&rsquo;annexion de la Belgique \u00e0 l&#8217;empire espagnol a relev\u00e9 un d\u00e9fi s\u00e9curitaire important pour la France qui se voyait encercler au sud et au nord par l&#8217;empire d&rsquo;Espagne. Cela a amen\u00e9 le roi de France, Louis XIV \u00e0 entrer en guerre contre les Espagnols: guerres dures et longues appel\u00e9es parfois les guerres de succession au tr\u00f4ne d&rsquo;Espagne. Finalement, en 1714, l&rsquo;Espagne a perdu la guerre, et la Belgique a \u00e9t\u00e9 envahie par les troupes autrichiennes. Mais en 1795, quelques ann\u00e9es apr\u00e8s la R\u00e9volution fran\u00e7aise, c&rsquo;est Napol\u00e9on Bonaparte qui r\u00e9alise enfin l&rsquo;ancien r\u00eave de Louis XIV d&rsquo;annexer la Belgique \u00e0 la France. Pendant l&#8217;empire napol\u00e9onien, la Belgique comptait donc une partie du territoire fran\u00e7ais.<\/p>\n<p>&nbsp;<\/p>\n<p>Apr\u00e8s la d\u00e9faite finale de l&rsquo;Empereur des Fran\u00e7ais en 1815 \u00e0 Waterloo, la Belgique et le Duch\u00e9 de Luxembourg ont \u00e9t\u00e9 annex\u00e9s aux Pays-Bas. Guillaume Ier gouvernait \u00e0 la fois les trois pays. C&rsquo;\u00e9tait donc la naissance du Benelux, d&rsquo;autant plus que l&rsquo;alliance de la Belgique avec le Luxembourg et les Pays-Bas \u00e9tait dans l&rsquo;int\u00e9r\u00eat commun des trois pays du point de vue \u00e9conomique et industriel.<\/p>\n<p>&nbsp;<\/p>\n<p>Finalement, le 25 septembre 1830, les r\u00e9volutionnaires belges ont proclam\u00e9 \u00e0 Bruxelles un gouvernement provisoire qui \u00e9tait le pr\u00e9lude de l&rsquo;ind\u00e9pendance d\u00e9finitive de la Belgique. Un congr\u00e8s a \u00e9t\u00e9 organis\u00e9 un an plus tard, en 1831, r\u00e9unissant les repr\u00e9sentants de l&rsquo;Angleterre, de l&rsquo;Allemagne et de la France pour reconna\u00eetre officiellement la naissance du Royaume de Belgique, en tant qu&rsquo;un Etat ind\u00e9pendant.<\/p>\n<p>&nbsp;<\/p>\n<p>Le 21 juillet (f\u00eate nationale de la Belgique) de la m\u00eame ann\u00e9e, L\u00e9opold Ier est mont\u00e9 au tr\u00f4ne \u00e0 Bruxelles, devenue capitale du royaume de Belgique, en tant que premier roi de Belgique. Apr\u00e8s sa mort, son fils, L\u00e9opold II lui a succ\u00e9d\u00e9. C&rsquo;est sous L\u00e9opold II que la Belgique envahie en tant que puissance coloniale, le Congo en Afrique, pays 80 fois plus vaste que la petite Belgique. En 1914, la Premi\u00e8re Guerre mondiale n&rsquo;a pas \u00e9pargn\u00e9 la Belgique. Le royaume a rejet\u00e9 la demande des troupes prussiennes d&rsquo;obtenir l&rsquo;autorisation de traverser le territoire belge pour avancer vers la France. Alors la Belgique a d\u00e9clar\u00e9 la guerre contre la Prusse, et l&rsquo;arm\u00e9e belge command\u00e9e par Albert est entr\u00e9e en guerre contre les Allemands. Dans la bataille de Marne, les Belges ont r\u00e9sist\u00e9 fortement aux troupes allemandes, et ont gagn\u00e9 un moment cette grande bataille historique, mais finalement les troupes belges ont d\u00fb se retirer vers leurs positions.<\/p>\n<p>&nbsp;<\/p>\n<p>Apr\u00e8s la mort d&rsquo;Albert Ier, son fils L\u00e9opold III est mont\u00e9 au tr\u00f4ne en 1934. Quelques ann\u00e9es plus tard, l&rsquo;arm\u00e9e de l&rsquo;Allemagne nazie attaque de nouveau la Belgique, en 1940, lors d&rsquo;une op\u00e9ration \u00e9claire qui ne dure que 18 jours. Le 28 mai 1940, la Belgique se rend officiellement \u00e0 l&rsquo;arm\u00e9e hitl\u00e9rienne: le roi L\u00e9opold III est emprisonn\u00e9, tandis qu&rsquo;un nombre de responsables et de personnalit\u00e9s politiques importantes de la Belgique se rendent an Angleterre pour y proclamer le gouvernement de la Belgique libre. Apr\u00e8s la fin de la Seconde Guerre mondiale, En 1949, la Belgique \u00e9tait l&rsquo;un des cofondateurs de l&rsquo;Organisation du Trait\u00e9 de l&rsquo;Atlantique du Nord (OTAN). Mais les Belges n&rsquo;ont jamais pardonn\u00e9 le roi L\u00e9opold II pour avoir rendu le pays sans condition aux Nazis. C&rsquo;est pourquoi apr\u00e8s le retour du roi en Belgique, un r\u00e9f\u00e9rendum a \u00e9t\u00e9 organis\u00e9 sur le maintien du roi au tr\u00f4ne lors duquel seul 58% des Belges ont vot\u00e9 pour, tandis que 42% de la population avaient vot\u00e9 contre le retour du Roi L\u00e9opold III. En tout \u00e9tat de cause, malgr\u00e9 le r\u00e9sultat de ce r\u00e9f\u00e9rendum, l&rsquo;opposition a r\u00e9ussi \u00e0 convaincre le roi \u00e0 d\u00e9missionner le 17 juillet 1951 en faveur de son fils, B\u00e9douin. A Partir de cette date, la Belgique a commenc\u00e9 \u00e0 jouer un r\u00f4le de plus en plus important sur la sc\u00e8ne internationale, notamment en Europe occidentale. La Belgique a adh\u00e9r\u00e9 \u00e0 plusieurs unions et trait\u00e9s r\u00e9gionaux (le gouvernement belge a sign\u00e9 en 1957 le Trait\u00e9 de Rome dont l&rsquo;objectif \u00e9tait de cr\u00e9er une communaut\u00e9 \u00e9conomique sur le continent europ\u00e9en).<\/p>\n<p>&nbsp;<\/p>\n<p>En 1960, le Congo a officiellement proclam\u00e9 son ind\u00e9pendance de la Belgique et est devenu ind\u00e9pendant. Deux ans plus tard, en 1962, le Rwanda et le Burundi ont proclam\u00e9, l&rsquo;un comme l&rsquo;autre, leur ind\u00e9pendance de la Belgique. Cela \u00e9tait, en fait, la fin de l&rsquo;histoire coloniale de la Belgique. Le roi B\u00e9douin a d\u00e9c\u00e9d\u00e9 en 1993 sans laisser de successeur. Conform\u00e9ment \u00e0 la Constitution de la Belgique, son fr\u00e8re Albert II est mont\u00e9 au tr\u00f4ne, le 9 ao\u00fbt 1993, en tant que nouveau roi de<\/p>\n<p>Belgique. Mais son r\u00e8gne n&rsquo;a pas commenc\u00e9 sans scandale: dans son num\u00e9ro du 23 ao\u00fbt 1993, le magazine am\u00e9ricain News week a pr\u00e9sent\u00e9 le nouveau roi comme un d\u00e9bauch\u00e9 d&rsquo;esprit libertin, atteint de la maladie de Parkinson. L&rsquo;auteur de cet article a mis en question la capacit\u00e9 d&rsquo;Albert II \u00e0 pr\u00e9server l&rsquo;unit\u00e9 nationale de la Belgique, estimant que son fils Philippe \u00e9tait mieux plac\u00e9 qu&rsquo;Albert II \u00e0 assumer les responsabilit\u00e9 l\u00e9gales de roi.<\/p>\n<p>&nbsp;<\/p>\n<p>Un an plus tard, en 1994, l&rsquo;amendement de la Constitution de la Belgique a \u00e9t\u00e9 vot\u00e9 pour \u00e9tablir un syst\u00e8me f\u00e9d\u00e9ral dans le pays.<\/p>\n<p>&nbsp;<\/p>\n<h3>Structure politique<\/h3>\n<p>La Belgique est une \u00e9conomie lib\u00e9rale fond\u00e9e sur le march\u00e9 libre et le syst\u00e8me capitaliste o\u00f9 l&rsquo;\u00e9lite \u00e9conomique joue un r\u00f4le important dans la gestion des affaires nationales. Deux questions importantes pr\u00e9occupent l&rsquo;opinion publique belge pendant ces derni\u00e8res ann\u00e9es: d&rsquo;abord, une sensibilit\u00e9 extr\u00eame \u00e0 l&rsquo;\u00e9gard du caract\u00e8re multiethnique du pays et sa diversit\u00e9 culturelle qui ont un impact r\u00e9el sur tous les aspects de la vie des Belges, ensuite la question de la vie sociale et du bien-\u00eatre.<\/p>\n<p>&nbsp;<\/p>\n<p>La Belgique est une monarchie constitutionnelle et un Etat f\u00e9d\u00e9ral parlementaire \u00e0 deux Chambres fond\u00e9es en 1831.<\/p>\n<p>&nbsp;<\/p>\n<p>Par rapport aux autres grandes monarchies constitutionnelles et parlementaires de l&rsquo;Europe, notamment la Grande-Bretagne et le Su\u00e8de, le syst\u00e8me politique de la Belgique est organis\u00e9 de sorte que le roi dispose de plus de pouvoirs et de pr\u00e9rogatives. A titre d&rsquo;exemple, selon la Constitution belge, le pouvoir de l\u00e9gislation est partag\u00e9 entre le roi et le syst\u00e8me parlementaire compos\u00e9 de l&rsquo;Assembl\u00e9e nationale et du s\u00e9nat. Par ailleurs, le roi a le droit de dissoudre les deux Chambres, d&rsquo;autant plus que c&rsquo;est lui qui nomme le Premier ministre en tant que chef du gouvernement, ainsi que les membres du Conseil des ministres. En Belgique, les partis politiques, la presse et les m\u00e9dias, les organisations syndicales, et les autres associations sociales et civiles repr\u00e9sentent la vox populi dans le syst\u00e8me politique du pays.<\/p>\n<p>&nbsp;<\/p>\n<p>Le roi actuel, Albert II est mont\u00e9 au tr\u00f4ne en 1993 et le Premier ministre actuel est Guy Verhofstadt devenu Premier ministre en 1999. Guy Verhofstadt est le leader du Parti lib\u00e9ral d\u00e9mocrate flamand.<\/p>\n<p>&nbsp;<\/p>\n<h3>Partis politiques traditionnels<\/h3>\n<p>Les grands partis traditionnels ont une mainmise \u00e9vidente sur la vie politique belge et ils forment les trois grandes familles politiques traditionnelles du pays: socialistes, lib\u00e9raux et chr\u00e9tiens.<\/p>\n<p>&nbsp;<\/p>\n<p>&#8211; Parti social-chr\u00e9tien:<\/p>\n<p>Le Parti catholique belge a \u00e9t\u00e9 cr\u00e9\u00e9 en 1844 et il \u00e9tait actif sur la sc\u00e8ne politique du pays pendant 75, ans jusqu&rsquo;en 1945. L&rsquo;id\u00e9ologie du parti \u00e9tait essentiellement religieuse, et jusqu&rsquo;\u00e0 cette date il a su jouer un r\u00f4le important dans la vie politique de la Belgique. Mais en 1945, les membres du Parti catholique qui consid\u00e9raient l&rsquo;\u00e9l\u00e9ment religieux insuffisant pour la survie de leur parti politique, ont organis\u00e9 de nombreux d\u00e9bats au terme desquels ils ont d\u00e9cid\u00e9 de transformer le Parti catholique en un parti social-chr\u00e9tien dont la plate-forme politique est moins religieuse. En 1968, lorsque la crise sociale autour de la question des langues est arriv\u00e9e \u00e0 son apog\u00e9e en Belgique, le Parti social-chr\u00e9tien a connu une scission en fonction des divisions linguistiques et culturelles: d&rsquo;un c\u00f4t\u00e9, les Flamands n\u00e9erlandophones qui forment le plus grand parti politique de la Belgique qui pr\u00e9sente traditionnellement le Premier ministre, et les Wallons francophones qui forment leur propre parti, troisi\u00e8me grand parti politique dans les r\u00e9gions wallonnes et sixi\u00e8me grand parti \u00e0 l&rsquo;\u00e9chelle nationale. A noter que le parti des Wallons se donne pour mission le soutien de la solidarit\u00e9 nationale en s&rsquo;opposant au f\u00e9d\u00e9ralisme dans le commerce ext\u00e9rieur et la s\u00e9curit\u00e9 sociale.<\/p>\n<p>&nbsp;<\/p>\n<p>&#8211; Parti socialiste:<\/p>\n<p>Le Parti socialiste belge a \u00e9t\u00e9 fond\u00e9 en 1855 alors qu&rsquo;il se nommait le \u00a0\u00bb Parti du Travail de Belgique\u00a0\u00bb. Les membres du parti \u00e9taient essentiellement des partisans de la gauche et des \u00e9l\u00e9ments radicaux. Le Parti du Travail de Belgique a \u00e9t\u00e9 dissolu pendant la Seconde Guerre mondiale. Mais en 1945, apr\u00e8s la fin de la guerre et la lib\u00e9ration de la Belgique, le Parti socialiste est n\u00e9 des cendres du Parti du Travail de Belgique. Les forces politiques de ce parti sont concentr\u00e9es dans les r\u00e9gions wallonnes et dans la communaut\u00e9 des francophones de la Belgique. En 1978, le Parti socialiste a connu, \u00e0 son tour, une scission linguistique entre n\u00e9erlandophones et francophones. Le Parti socialiste wallon est devenu d\u00e9sormais le deuxi\u00e8me grand acteur de la sc\u00e8ne politique de la Belgique, mais il n&rsquo;a jamais r\u00e9ussi \u00e0 obtenir le poste de Premier ministre. L&rsquo;id\u00e9ologie de base du parti socialiste wallon est similaire \u00e0 celle du Parti social chr\u00e9tien francophone. En ce qui concerne le Parti socialiste flamand, il s&rsquo;attribue la troisi\u00e8me place sur la sc\u00e8ne politique de la Belgique et il est partisan de la d\u00e9centralisation pour donner plus de pouvoir et de pr\u00e9rogatives aux communaut\u00e9s et aux r\u00e9gions diff\u00e9rentes, par le biais de l&rsquo;organisation des \u00e9lections \u00e0 suffrage universel des parlements r\u00e9gionaux. En d&rsquo;autres termes, ce parti est un partisan du f\u00e9d\u00e9ralisme dans tous ses aspects.<\/p>\n<p>&nbsp;<\/p>\n<p>&#8211; Parti lib\u00e9ral de la Belgique:<\/p>\n<p>Fond\u00e9e en 1846, le Parti lib\u00e9ral de la Belgique est la formation politique la plus ancienne du pays. Cependant le parti lib\u00e9ral a perdu au fur et \u00e0 mesure de son prestige. Au d\u00e9part, ce parti avait une id\u00e9ologie anti-catholique (s&rsquo;opposant surtout au clerg\u00e9) mais il s&rsquo;est transform\u00e9 peu \u00e0 peu pour devenir un d\u00e9fenseur de la libert\u00e9 de conscience. Comme les autres grands partis politiques du pays, le parti lib\u00e9ral a connu, lui aussi, une scission entre n\u00e9erlandophones et francophones. Le parti lib\u00e9ral n\u00e9erlandophone compte le quatri\u00e8me grand parti politique de la Belgique, et le troisi\u00e8me dans les r\u00e9gions flamandes. Le Parti lib\u00e9ral francophone est le cinqui\u00e8me grand parti politique \u00e0 l&rsquo;\u00e9chelle nationale, mais il est le deuxi\u00e8me parti important dans les r\u00e9gions wallonnes, et dans la r\u00e9gion de Bruxelles-Capitale, ce parti est traditionnellement le premier acteur politique.<\/p>\n<p>&nbsp;<\/p>\n<p>Autres partis politiques<\/p>\n<p>&#8211; Parti de l&rsquo;Union nationale:<\/p>\n<p>Le Parti de l&rsquo;Union nationale a \u00e9t\u00e9 cr\u00e9\u00e9 en 1954, apr\u00e8s une scission \u00e0 l&rsquo;int\u00e9rieur du Parti social-chr\u00e9tien flamand. Ce parti est partisan d&rsquo;une plate-forme politique radicale sur les plans culturels et se donne pour mission de favoriser le syst\u00e8me f\u00e9d\u00e9ratif.<\/p>\n<p>&nbsp;<\/p>\n<p>&#8211; Bloc flamand:<\/p>\n<p>Le Bloc flamand est form\u00e9 de la fusion de deux petits partis politiques nationalistes flamands en 1978. Les membres de ce bloc sont des nationalistes flamands radicaux et anti-communistes qui s&rsquo;opposent farouchement \u00e0 la pr\u00e9sence des immigr\u00e9s et des \u00e9trangers en Belgique. Le Bloc flamand est consid\u00e9r\u00e9 comme repr\u00e9sentant des nationalistes radicaux du Parti de l&rsquo;Union nationale des Flamands.<\/p>\n<p>&nbsp;<\/p>\n<p>&#8211; Front d\u00e9mocratique francophone:<\/p>\n<p>Le Front d\u00e9mocratique francophone a \u00e9t\u00e9 cr\u00e9\u00e9 en 1965 pour d\u00e9fendre les int\u00e9r\u00eats de la minorit\u00e9 francophone de la Belgique.<\/p>\n<p>&nbsp;<\/p>\n<h3>Parti germanophone de Belgique:<\/h3>\n<p>Le Parti germanophone de Belgique a \u00e9t\u00e9 fond\u00e9 en 1971 en reprenant la tradition du socialisme chr\u00e9tien en Allemagne, exigeant dans sa plate-forme politique la cr\u00e9ation d&rsquo;une province germanophone \u00e0 part enti\u00e8re pour les neuf communes germanophones de la Belgique. Ce parti est partisan du f\u00e9d\u00e9ralisme.<\/p>\n<p>&nbsp;<\/p>\n<p>&#8211; Les \u00e9cologistes:<\/p>\n<p>Le parti \u00e9cologiste de Groen a \u00e9t\u00e9 cr\u00e9\u00e9 en 1977 dans la r\u00e9gion flamande et propose un mod\u00e8le de coop\u00e9ration et d&rsquo;union politique. Dans la r\u00e9gion wallonne, le parti Ecolo a \u00e9t\u00e9 fond\u00e9 en 1980, insistant surtout sur les r\u00e9formes du syst\u00e8me fiscal et le r\u00e9gionalisme. Les deux partis \u00e9cologistes de la Belgique ont r\u00e9ussi \u00e0 obtenir des si\u00e8ges au parlement lors des \u00e9lections l\u00e9gislatives de 1981.<\/p>\n<p>&nbsp;<\/p>\n<p>&#8211; Parti communiste de Belgique:<\/p>\n<p>Le parti communiste de Belgique a \u00e9t\u00e9 cr\u00e9\u00e9 en 1925 par Joseph Jacquemont, suite \u00e0 la r\u00e9volution bolchevique en Russie. Ce parti est pour le f\u00e9d\u00e9ralisme dans trois r\u00e9gions du pays: la R\u00e9gion flamande, la r\u00e9gion Wollonne et la R\u00e9gion de Bruxelles-Capitale.<\/p>\n<p>&nbsp;<\/p>\n<p>Les fondements de l&rsquo;Etat<\/p>\n<p>Conform\u00e9ment \u00e0 la Constitution de la Belgique, le peuple est la source du pouvoir. Les articles 60 \u00e0 91 de la Constitution d\u00e9finissent le syst\u00e8me monarchique du pays, arr\u00eatant la succession au tr\u00f4ne du fils a\u00een\u00e9 l\u00e9gal du roi. Le roi peut monter au tr\u00f4ne d\u00e8s l&rsquo;\u00e2ge de 18 ans, et avant cet \u00e2ge l\u00e9gal, le parlement nomme un r\u00e9gent qui se chargera provisoirement des fonctions du roi jusqu&rsquo;\u00e0 ce qu&rsquo;il arrive \u00e0 l&rsquo;\u00e2ge d\u00e9fini par la Constitution. Si le roi n&rsquo;a pas de fils, la personne ayant le lien de sang le plus proche du roi lui succ\u00e9dera au tr\u00f4ne; si le roi n&rsquo;a aucun successeur, il devra, de son vivant, d\u00e9signer son successeur en consultation avec les deux Chambres, sinon apr\u00e8s la mort du roi, le parlement se chargera imm\u00e9diatement de ses fonctions, avant la tenue des \u00e9lections anticip\u00e9es pour que le nouveau roi de Belgique soit \u00e9lu dans un d\u00e9lai de deux mois. Le roi jouit d&rsquo;une immunit\u00e9 totale, mais ses d\u00e9crets ne deviennent ex\u00e9cutoires qu&rsquo;apr\u00e8s la signature du ministre concern\u00e9. Le roi de Belgique est le commandant en chef des forces arm\u00e9es du pays, il signe les contrats \u00e9trangers du gouvernement et d\u00e9signe le Premier ministre en tant que chef du gouvernement. La d\u00e9claration de guerre et de paix et la promulgation des lois sont autant de pouvoirs accord\u00e9s directement au roi ou en consultation avec les deux Chambres du pouvoir l\u00e9gislatif.<\/p>\n<p>&nbsp;<\/p>\n<h3>Le pouvoir ex\u00e9cutif<\/h3>\n<p>Dans le syst\u00e8me parlementaire de la Belgique, et en fonction de la situation politique du pays, le roi consulte les leaders des partis politiques, avant de nommer le Premier ministre et le charger de former le Conseil des ministres. Il est \u00e0 souligner que tous les partis politiques dont les socialistes et les sociaux-chr\u00e9tiens des r\u00e9gions du sud et du nord du pays participent souvent aux cabinets de coalition. Les gouvernements de coalition ont besoin des votes de deux tiers des membres du parlement pour faire approuver les projets de loi importants qu&rsquo;ils remettent aux parlementaires. Durant ces derni\u00e8res d\u00e9cennies, le nombre des membres du Conseil des ministres variaient de 15 \u00e0 20 pour que l&rsquo;\u00e9quilibre soit \u00e9tabli parmi les membres flamands et wallons du cabinet. Jusqu&rsquo;en 1995, 71 Conseils de ministres ont \u00e9t\u00e9 form\u00e9s en Belgique. La poursuite judiciaire des membres du Conseil des ministres n&rsquo;est possible qu&rsquo;avec l&rsquo;autorisation de l&rsquo;Assembl\u00e9e nationale et de la Cour supr\u00eame.<\/p>\n<p>Outre le gouvernement f\u00e9d\u00e9ral, les quatre r\u00e9gions du pays, \u00e0 savoir la r\u00e9gion flamande, la r\u00e9gion wallonne, la r\u00e9gion germanophone et la r\u00e9gion de Bruxelles-Capitale ont chacune leur propre gouvernement local.<\/p>\n<p>&nbsp;<\/p>\n<h3>Le pouvoir l\u00e9gislatif<\/h3>\n<p>Le pouvoir l\u00e9gislatif est compos\u00e9 de deux Chambres: l&rsquo;Assembl\u00e9e nationale et le S\u00e9nat. Les membres de l&rsquo;Assembl\u00e9e nationale sont \u00e9lus pour un mandat de quatre ans par le soufrage universel et le vote des \u00e9lecteurs ayant plus de 21 ans. En ce qui concerne le S\u00e9nat, la moiti\u00e9 des s\u00e9nateurs sont \u00e9lus par le soufrage universel pour un mandat de quatre ans. L&rsquo;Assembl\u00e9e nationale compte 150 si\u00e8ges et le S\u00e9nat en a 71. Contrairement aux autres pays europ\u00e9ens, en Belgique, un \u00e9lu ne peut pas \u00eatre, en m\u00eame temps, membre du parlement national et du Parlement europ\u00e9en. Suite aux derni\u00e8res r\u00e9formes europ\u00e9ennes, la Belgique dispose de 25 si\u00e8ges au Parlement europ\u00e9en.<\/p>\n<p>&nbsp;<\/p>\n<p>Le pouvoir judiciaire<\/p>\n<p>Les tribunaux sont charg\u00e9s de rendre la justice et les pr\u00e9sidents des tribunaux sont nomm\u00e9s par le roi. La peine de mort a \u00e9t\u00e9 abolie en Belgique en 1991.<\/p>\n<p>&nbsp;<\/p>\n<p>Il conviendrait de rappeler que la Constitution de la Belgique a \u00e9t\u00e9 approuv\u00e9e le 7 f\u00e9vrier 1830, et il a \u00e9t\u00e9 en 1906 l&rsquo;une des r\u00e9f\u00e9rences principales de la Constitution de la monarchie iranienne, d&rsquo;o\u00f9 d&rsquo;ailleurs de nombreuses similitudes dans les constitutions belge et iranienne.<\/p>\n<p>&nbsp;<\/p>\n<p>Economie<\/p>\n<p>A l&rsquo;instar de plusieurs autres pays de l&rsquo;Europe occidentale, l&rsquo;industrialisation de la Belgique a commenc\u00e9 au d\u00e9but du XIXe si\u00e8cle gr\u00e2ce aux ressources int\u00e9rieures du pays en minerais de fer et en charbon. Il faut rappeler cependant que d\u00e8s le Moyen Age, les villes des r\u00e9gions flamandes de la Belgique d&rsquo;aujourd&rsquo;hui \u00e9taient les foyers de l&rsquo;industrie du textile. Au XIIe si\u00e8cle, la vall\u00e9e du Mons et la ville de Li\u00e8ge \u00e9taient le foyer de l&rsquo;industrie m\u00e9tallurgique, gr\u00e2ce aux minerais de fer et de charbon qui \u00e9taient abondants dans les for\u00eats d&rsquo;Arden. Au XVIe si\u00e8cle, la Belgique a connu l&rsquo;essor de l&rsquo;industrie sid\u00e9rurgique, de la verrerie et de l&rsquo;imprimerie.<\/p>\n<p>Au si\u00e8cle dernier, l&rsquo;occupation de la Belgique par l&rsquo;arm\u00e9e de l&rsquo;Allemagne nazie a inflig\u00e9 de leurs d\u00e9g\u00e2ts \u00e0 l&rsquo;\u00e9conomie belge, cependant apr\u00e8s la fin de la guerre, le pays a su redresser son \u00e9conomie, gr\u00e2ce au dynamisme de ses industries m\u00e9tallurgiques et chimiques, sans oublier l&rsquo;exploitation des ressources et les mati\u00e8res premi\u00e8res bon march\u00e9 de son ancien colonie en Afrique, le Congo. Par ailleurs, dans les ann\u00e9es d&rsquo;apr\u00e8s-guerre, la Belgique, les Pays-Bas et le Luxembourg ont repris leurs coop\u00e9rations d&rsquo;antan sous une nouvelle forme, dans le cadre de du Trait\u00e9 du Benelux pour relancer leur croissance \u00e9conomique.<\/p>\n<p>&nbsp;<\/p>\n<p>L&rsquo;\u00e9conomie de la Belgique est bas\u00e9e sur le syst\u00e8me du march\u00e9 qui favorise la participation des grandes entreprises aux activit\u00e9s de tous les secteurs industriels, commerciaux et financiers. L&rsquo;Etat joue, \u00e0 son tour, un r\u00f4le consid\u00e9rable dans la configuration \u00e9conomique du pays. Dans les ann\u00e9es 1980, le gouvernement a concentr\u00e9 ses politiques \u00e9conomiques sur la baisse du d\u00e9ficit budg\u00e9taire et l&rsquo;am\u00e9lioration de la balance des d\u00e9penses publiques. Cependant, le gouvernement belge souffre encore d&rsquo;un d\u00e9ficit budg\u00e9taire consid\u00e9rable (en 1994, le d\u00e9ficit \u00e9tait \u00e9quivalent \u00e0 4.5% du Produit Int\u00e9rieur Brut).<\/p>\n<p>&nbsp;<\/p>\n<p>En 1998, le Produit Int\u00e9rieur Brut de la Belgique \u00e9tait de 258.968 millions de dollars, tandis que le revenu par habitant \u00e9tait de 25.380 dollars (chiffre important par rapport aux autres pays membres de l&rsquo;union europ\u00e9enne). Les r\u00e9serves en or \u00e9taient, pendant cette m\u00eame ann\u00e9e pr\u00e8s de 8.3 milliards de dollars et les r\u00e9serves en devises de la Belgique \u00e9tait de 22 milliards de dollars. En 1998, la Belgique avait 265.600 millions de dollars de dettes \u00e9trang\u00e8res. En effet, en 1991, la Belgique devient le pays le plus endett\u00e9 de l&rsquo;Union europ\u00e9enne. Cependant, le taux de ch\u00f4mage est inf\u00e9rieur au taux moyen de l&rsquo;Europe et se chiffre plus ou moins au m\u00eame niveau que la moyenne de l&rsquo;Union europ\u00e9enne.<\/p>\n<p>&nbsp;<\/p>\n<p>Enseignement sup\u00e9rieur<\/p>\n<p>&#8211; Les Universit\u00e9s:<\/p>\n<p>&#8211; L&rsquo;Universit\u00e9 de Louvain a \u00e9t\u00e9 fond\u00e9e en 1425. Cette universit\u00e9 bilingue est l&rsquo;universit\u00e9 la plus ancienne de la Belgique.<\/p>\n<p>&nbsp;<\/p>\n<p>&#8211; L&rsquo;Universit\u00e9 francophone de Li\u00e8ge et l&rsquo;Universit\u00e9 n\u00e9erlandophone de Gand fond\u00e9e en 1816 compte parmi les \u00e9tablissements universitaires les plus c\u00e9l\u00e8bres de la Belgique.<\/p>\n<p>&nbsp;<\/p>\n<p>&#8211; L&rsquo;Universit\u00e9 Libre de Bruxelles est une universit\u00e9 bilingue. Cette universit\u00e9 a \u00e9t\u00e9 fond\u00e9e en 1834 par l&rsquo;Etat pour supprimer les contraintes religieuses du syst\u00e8me de l&rsquo;enseignement sup\u00e9rieur.<\/p>\n<p>&nbsp;<\/p>\n<p>&#8211; L&rsquo;Universit\u00e9 polytechnique de Mons fond\u00e9e en 1837 pour former les ing\u00e9nieurs.<\/p>\n<p>&nbsp;<\/p>\n<p>&#8211; La Facult\u00e9 du Droit de Saint-Louis fond\u00e9e en 1858.<\/p>\n<p>&nbsp;<\/p>\n<p>&#8211; La Facult\u00e9 universitaire des Sciences agronomiques de Gembloux fond\u00e9e en 1885.<\/p>\n<p>&nbsp;<\/p>\n<p>&#8211; La Facult\u00e9 du Travail, fond\u00e9e en 1903 compte le premier institut de formation professionnel en Belgique.<\/p>\n<p>&nbsp;<\/p>\n<p>Religions<\/p>\n<p>&#8211; Le r\u00f4le de la religion dans la vie politique et sociale de la Belgique:<\/p>\n<p>Les belges sont majoritairement adeptes de l&rsquo;Eglise catholique romaine. Selon les recensements de 1995, 87.9% de la population sont compos\u00e9s des catholiques romains. Les musulmans repr\u00e9sentent 2.5% de la population, tandis que les protestants comptent 2.4% et les juifs 0.3% de la population de la Belgique. La Constitution de la Belgique reconna\u00eet et d\u00e9fend la libert\u00e9 du culte. En effet, la religion est souvent pratiqu\u00e9e par les gens, surtout dans les r\u00e9gions flamandes du nord du pays. En r\u00e9alit\u00e9, les Belges sont plus pratiquants que les autres peuples du nord de l&rsquo;Europe. A Bruxelles, nombreux sont les femmes musulmanes portant le Hidjab, ce qui permet de croire que la population des musulmanes de Belgique pourrait \u00eatre sup\u00e9rieure aux statistiques officielles.<\/p>\n<p>&nbsp;<\/p>\n<p>Outre ses aspects individuels, la religion joue \u00e9galement un r\u00f4le consid\u00e9rable dans la vie politique de la Belgique. Cependant, de 1919 \u00e0 1939, les catholiques n&rsquo;ont jamais r\u00e9ussi \u00e0 obtenir la majorit\u00e9 absolue des si\u00e8ges du parlement, \u00e0 l&rsquo;exception d&rsquo;une majorit\u00e9 parlementaire relative qu&rsquo;ils ont obtenue de 1936 \u00e0 1939. L&rsquo;Eglise catholique de la Belgique compte un archev\u00eaque, et sept \u00e9v\u00eaques pour des r\u00e9gions d&rsquo;Anatrope, de Bruges, d&rsquo;Hasselt, de Li\u00e8ge, de Namur, de Anvers et de Bruxelles. Le cardinal Daniel est l&rsquo;archev\u00eaque de la Belgique. Un grand nombre d&rsquo;Eglise se trouvent \u00e0 Bruxelles, et la plupart d&rsquo;entre elles sont des \u00e9glises romaines.<\/p>\n<p>&nbsp;<\/p>\n<p>La Belgique compte \u00e9galement pr\u00e8s de 35.000 juifs dont la majorit\u00e9 vit dans les villes de Bruxelles et d&rsquo;Anatrope. Les juifs sont actifs souvent dans le monde des affaires. Le Conseil central des Associations juives de Belgique a \u00e9t\u00e9 fond\u00e9e en 1808 et il est pr\u00e9sid\u00e9 actuellement par M. Serge Chenk.<\/p>\n<p>&nbsp;<\/p>\n<p>Les Musulmans de Belgique<\/p>\n<p>Avant la p\u00e9riode du colonialisme, l&rsquo;Islam n&rsquo;avait pas une pr\u00e9sence marquante en Belgique. Mais apr\u00e8s la fin de la Seconde Guerre mondiale, l\u00e0 o\u00f9 le march\u00e9 de travail de la Belgique avait besoin de la main d&rsquo;\u0153uvre des pays musulmans, les fronti\u00e8res de la Belgique s&rsquo;ouvre sur les immigr\u00e9s musulmans venus essentiellement du Maroc et de la Turquie pour travailler dans les industries sid\u00e9rurgiques et dans les mines. L&rsquo;Islam entre ainsi en Belgique dans la seconde moiti\u00e9 du XXe si\u00e8cle. Au d\u00e9but, c&rsquo;\u00e9tait les jeunes ouvriers non sp\u00e9cialis\u00e9s qui ont immigr\u00e9 sans leur famille en Belgique, mais au fur et \u00e0 mesure leurs familles aussi sont venues s&rsquo;installer en Belgique et ils ont obtenu peu \u00e0 peu la nationalit\u00e9 belge. Les r\u00e9fugi\u00e9s politiques albanais ainsi que les \u00e9tudiants musulmans qui viennent en Belgique pour poursuivre leurs \u00e9tudes sup\u00e9rieures comptent les autres membres de la communaut\u00e9 musulmane de la Belgique.<\/p>\n<p>&nbsp;<\/p>\n<p>La Belgique est l&rsquo;un des rares pays de l&rsquo;Europe a accorder un statut officiel au culte musulman, et \u00e0 reconna\u00eetre une grande partie des droits de citoyennet\u00e9 aux musulmans du pays.<\/p>\n<p>&nbsp;<\/p>\n<p>Le quotidien Le Soir du 22 septembre 2002 a compt\u00e9 la population musulmane de la Belgique de 400.000 \u00e0 450.000 personnes, ce qui \u00e9quivaut \u00e0 4% ou 4.5% de la population belge. La plupart des musulmans sont d&rsquo;origine marocaine, turque et pakistanaise. Depuis les attentats du 11 septembre 2001 \u00e0 New York et \u00e0 Washington, la vie des musulmans de Belgique a \u00e9t\u00e9 malheureusement perturb\u00e9e en raison des accusations, des insultes, et des pressions inflig\u00e9es partout en Europe sur les minorit\u00e9s musulmanes.<\/p>\n<p>&nbsp;<\/p>\n<p>Apr\u00e8s le christianisme, l&rsquo;Islam est donc la deuxi\u00e8me grande religion du pays. La plupart des musulmans belges sont issus des familles d&rsquo;immigr\u00e9s turcs ou magr\u00e9bins. La plupart des immigr\u00e9s musulmans sont respectivement originaires du Maroc, de la Turquie, de l&rsquo;Alg\u00e9rie, de la Tunisie, de l&rsquo;Iran, du Pakistan, de l&rsquo;Albanie, du Liban et de l&rsquo;ex-Yougoslavie. Les musulmans d&rsquo;origine belge comptent de 5.000 \u00e0 20.000 personnes.<\/p>\n<p>&nbsp;<\/p>\n<p>En 1965, les ambassadeurs des pays musulmans en poste \u00e0 Bruxelles ont demand\u00e9 au roi de Belgique la reconnaissance officielle du statut de l&rsquo;Islam dans son pays. En 1974, \u00e0 l&rsquo;occasion du 20\u00e8me anniversaire de l&rsquo;immigration collective des musulmans en Belgique, le roi a accept\u00e9 la demande des musulmans, concernant l&rsquo;autorisation de l&rsquo;enseignement des cours religieux islamiques dans les \u00e9coles.<\/p>\n<p>&nbsp;<\/p>\n<p>Le centre islamique de Bruxelles a \u00e9t\u00e9 fond\u00e9 en 1973, gr\u00e2ce au soutien du Maroc et de l&rsquo;Arabie Saoudite. Ce centre entretiendrait apparemment des liens avec l&rsquo;Organisation saoudienne du Monde musulman. Les activit\u00e9s de ce centre sont les suivantes :<\/p>\n<p>&nbsp;<\/p>\n<p>&#8211; Le maintien et la sauvegarde des croyances religieuses des membres de la communaut\u00e9 musulmane.<\/p>\n<p>&nbsp;<\/p>\n<p>&#8211; La pr\u00e9sentation de l&rsquo;Islam aux non musulmans.<\/p>\n<p>&nbsp;<\/p>\n<p>&#8211; La propagande religieuse.<\/p>\n<p>&nbsp;<\/p>\n<p>&#8211; L&rsquo;organisation des conf\u00e9rences et des s\u00e9minaires religieux.<\/p>\n<p>&nbsp;<\/p>\n<p>&#8211; L&rsquo;organisation des cours religieux dans les mosqu\u00e9es.<\/p>\n<p>&nbsp;<\/p>\n<p>&#8211; L&rsquo;organisation des f\u00eates religieuses \u00e0 des occasions diverses.<\/p>\n<p>&nbsp;<\/p>\n<p>&#8211; L&rsquo;\u00e9mission des fatwas.<\/p>\n<p>&nbsp;<\/p>\n<p>&#8211; Les c\u00e9r\u00e9monies de mariages religieux.<\/p>\n<p>&nbsp;<\/p>\n<p>&#8211; La visite des prisons et les aides aux prisonniers pour les familiariser avec l&rsquo;Islam.<\/p>\n<p>&nbsp;<\/p>\n<p>&#8211; La pr\u00e9sentation de l&rsquo;Islam \u00e0 l&rsquo;opinion publique belge.<\/p>\n<p>&nbsp;<\/p>\n<p>&#8211; L&rsquo;enseignement religieux et l&rsquo;apprentissage de la langue arabe.<\/p>\n<p>&nbsp;<\/p>\n<p>&#8211; L&rsquo;\u00e9tablissement d&rsquo;une biblioth\u00e8que islamique en Belgique.<\/p>\n<p>&nbsp;<\/p>\n<p>Biblioth\u00e8que islamique de Belgique<\/p>\n<p>Simultan\u00e9ment \u00e0 la fondation du Centre culturel des musulmans de Bruxelles, le roi de Belgique a autoris\u00e9, suite \u00e0 la demande du roi Faysal d&rsquo;Arabie, ancien souverain saoudien, la construction d&rsquo;une grande mosqu\u00e9e \u00e0 Bruxelles, et il a charg\u00e9 le gouvernement de confier un terrain au centre islamique de Bruxelles.<\/p>\n<p>&nbsp;<\/p>\n<p>Aujourd&rsquo;hui, outre la grande mosqu\u00e9e de Bruxelles, une dizaine de mosqu\u00e9es et de salles de pri\u00e8re officielles ainsi qu&rsquo;une centaine de salle de pri\u00e8res lou\u00e9es par les musulmans sont actives en Belgique. Les musulmans de Belgique appartiennent aux \u00e9coles et aux confessions sunnites et chiites diff\u00e9rentes d&rsquo;o\u00f9 l&rsquo;absence d&rsquo;une coh\u00e9rence suffisante dans leurs activit\u00e9s. Suite au d\u00e9veloppement du fondamentalisme islamique dans le monde, la communaut\u00e9 musulmane de Belgique s&rsquo;est interrog\u00e9e s\u00e9rieusement sur le rapport entre les valeurs islamiques et les crit\u00e8res de la vie dans les soci\u00e9t\u00e9s occidentales. Malgr\u00e9 le statut officiel de l&rsquo;Islam en Belgique, un conflit de valeurs entre les deux parties a cr\u00e9\u00e9 certaines restrictions impos\u00e9es par le gouvernement aux activit\u00e9s des centres islamiques. A titre d&rsquo;exemple, malgr\u00e9 le fait que le gouvernement a reconnu le statut de l&rsquo;Islam et des centres religieux musulmans en Belgique, le gouvernement s&rsquo;abstient, pour des pr\u00e9textes diff\u00e9rents, de payer l&rsquo;allocation des ma\u00eetres des centres islamiques. Par ailleurs, certains partis politiques nationalistes et racistes exercent leurs pressions sur le gouvernement belge pour imposer plus de restrictions aux musulmans. Le Magazine Express du 26 janvier 1995 avait publi\u00e9 un article et propos\u00e9 au gouvernement d&rsquo;\u00e9laborer lui-m\u00eame le programme des enseignements religieux des musulmans pour que l&rsquo;Islam belge soit conforme aux valeurs \u00e9tablies de la soci\u00e9t\u00e9 belge. Les musulmans de Belgique ont d\u00e9sign\u00e9 les repr\u00e9sentants de la communaut\u00e9 islamique de la Belgique en d\u00e9cembre 1998. L&rsquo;Imam Salman Al-Razi est le pr\u00e9sident de l&rsquo;Association des musulmans de Belgique.<\/p>\n<p>&nbsp;<\/p>\n<p>Centres islamiques en Belgique<\/p>\n<p>Nous pouvons diviser les centres islamiques de la Belgique en deux groupes. En premier lieu, il s&rsquo;agit des centres religieux ayant de fortes connotations politiques proches des Fr\u00e8res musulmans ou l&rsquo;Association des \u00e9tudiants musulmans qui restent assez marginaux par rapport \u00e0 l&rsquo;ensemble des communaut\u00e9s musulmanes d&rsquo;origine immigr\u00e9e, mais qui sont plus \u00e9cout\u00e9s dans les milieux intellectuels. En second lieu, il s&rsquo;agit des associations islamiques issue des communaut\u00e9s d&rsquo;origine immigr\u00e9e elles-m\u00eames. Certaines d&rsquo;entres elles pr\u00e9sentent une perception moderne du soufisme ancien, tandis que les autres ont des formations non politiques, et cherchent \u00e0 renforcer les croyances religieuses des musulmans, et \u00e0 attirer leur attention vers leur symboles identitaires.<\/p>\n<p>&nbsp;<\/p>\n<p>1- Organisation du Tabligh (propqgqnde religieuse) en Belgique<\/p>\n<p>Parmi les associations et les centres islamiques qui ont \u00e9t\u00e9 fond\u00e9s depuis une vingtaine d&rsquo;ann\u00e9es en Belgique, l&rsquo;Organisation du Tabligh est sans aucun doute le plus important centre islamique du pays. En effet, le Tabligh en Belgique repr\u00e9sente l&rsquo;Association europ\u00e9enne musulmane (ASBL), active dans de nombreux pays du monde, notamment dans les pays europ\u00e9ens. L&rsquo;Association du Tabligh de Belgique a \u00e9t\u00e9 cr\u00e9\u00e9e en 1980, avec la construction de 12 mosqu\u00e9es et centres culturels islamiques. Selon la loi, au moins 60% des membres de l&rsquo;assembl\u00e9e constituante de ce centre devaient \u00eatre d&rsquo;origine belge, c&rsquo;est pourquoi parmi les membres de l&rsquo;assembl\u00e9e constituante figuraient les noms de 9 personnes d&rsquo;origine belge sur les 15 membres de l&rsquo;assembl\u00e9e.<\/p>\n<p>&nbsp;<\/p>\n<p>2-F\u00e9d\u00e9ration des associations et des communaut\u00e9s islamiques (ICCB)<\/p>\n<p>La F\u00e9d\u00e9ration des associations et des communaut\u00e9s islamiques (ICCB) a \u00e9t\u00e9 fond\u00e9e en 1979, et constitue, en fait, la section europ\u00e9enne du Forum du monde musulman, qui est active dans la construction de mosqu\u00e9es et des centres islamiques en Europe. La Grande mosqu\u00e9e de Bruxelles et plusieurs autres centres islamiques importants du pays sont sous contr\u00f4le de l&rsquo;ICCB. Les repr\u00e9sentants diplomatiques de plusieurs pays musulmans sont membres du conseil d&rsquo;administration de l&rsquo;ICCB et l&rsquo;ambassadeur d&rsquo;Arabie saoudite pr\u00e9side souvent les r\u00e9unions du conseil d&rsquo;administration.<\/p>\n<p>&nbsp;<\/p>\n<p>3- Union des mosqu\u00e9es et des associations culturelles musulmanes en Belgique (FMCICAB)<\/p>\n<p>En f\u00e9vrier 1985 et sous l&rsquo;influence de l&rsquo;Association du Tabligh, l&rsquo;Union des mosqu\u00e9es et des associations culturelles musulmanes a \u00e9t\u00e9 fond\u00e9e en signe de protestation contre la d\u00e9signation du directeur du centre islamique de Belgique. Le nouveau directeur a \u00e9t\u00e9 d\u00e9sign\u00e9 en 1985, mais il a \u00e9t\u00e9 assassin\u00e9 en mars 1989. Ces derni\u00e8res ann\u00e9es, cette union a jou\u00e9 plut\u00f4t le r\u00f4le d&rsquo;interm\u00e9diaire entre le gouvernement et la majorit\u00e9 de la communaut\u00e9 musulmane de Belgique, ce qui lui a permis de renforcer sa position en tant que l&rsquo;un des plus importants repr\u00e9sentants des musulmans en Belgique, notamment en ce qui concerne la gestion des mosqu\u00e9es. L&rsquo;Union des mosqu\u00e9es et des associations culturelles musulmanes a gard\u00e9 ses liens avec l&rsquo;Association du Tabligh, mais elle a su garder son ind\u00e9pendance vis-\u00e0-vis du Tabligh. Les objectifs de l&rsquo;Union des mosqu\u00e9es sont les suivants :<\/p>\n<p>&nbsp;<\/p>\n<p>La diffusion des valeurs islamiques parmi les musulmans r\u00e9sidant en Belgique, l&rsquo;organisation des cours d&rsquo;enseignements coraniques et de la langue arabe, l&rsquo;organisation des cours religieux, la cr\u00e9ation d&rsquo;\u00e9coles islamiques, la d\u00e9signation des imams des mosqu\u00e9es et la gestion des mosqu\u00e9es et des centres islamiques.<\/p>\n<p>&nbsp;<\/p>\n<p>La Belgique compte 328 mosqu\u00e9es et salles de pri\u00e8res dont la moiti\u00e9 ont \u00e9t\u00e9 construites \u00e0 partir des ann\u00e9es 1980 (162 mosqu\u00e9es dans les r\u00e9gions flamandes, 89 mosqu\u00e9es dans les r\u00e9gions wallonnes, et 77 \u00e0 Bruxelles-Capitale). La mosqu\u00e9e la plus grande et la plus ancienne du Belgique se trouve \u00e0 Bruxelles. Cette mosqu\u00e9e avait \u00e9t\u00e9 construite avec l&rsquo;aide et le soutien financier de l&rsquo;Arabie saoudite.<\/p>\n<p>&nbsp;<\/p>\n<p>Au centre de Bruxelles, les chiites ont une mosqu\u00e9e. La mosqu\u00e9e chiite s&rsquo;appelle la Mosqu\u00e9e de l&rsquo;Imam R\u00e9za et elle constitue le lieu de rassemblement des chiites.<\/p>\n<p>&nbsp;<\/p>\n<p>Question du voile islamique en Belgique<\/p>\n<p>A Bruxelles, les femmes musulmanes voil\u00e9es ne sont pas rares. Avant l&rsquo;approbation de la loi, en France, interdisant le port du voile des femmes musulmanes dans les \u00e9coles publiques en 2004, les musulmans avaient une situation juridique relativement satisfaisante. Suite aux Fran\u00e7ais, le gouvernement belge aussi a d\u00e9cid\u00e9 d&rsquo;imposer certaines restrictions \u00e0 la communaut\u00e9 musulmane.<\/p>\n<p>&nbsp;<\/p>\n<p>Le maire de Gand a interdit le port du voile islamique dans la ville. Les autorit\u00e9s municipales ont annonc\u00e9 que le port de tout v\u00eatement qui emp\u00eacherait l&rsquo;identification des gens dans la rue serait interdit. En outre, le parti SPA a demand\u00e9 l&rsquo;interdiction de tout v\u00eatement que pourrait \u00eatre utilis\u00e9 par des terroristes qui l&rsquo;utiliseraient pour se cacher. Le maire de Gand avait demand\u00e9 \u00e0 la police d&rsquo;arr\u00eater des femmes voil\u00e9es dans les rues.<\/p>\n<p>&nbsp;<\/p>\n<p>Par ailleurs, le ministre belge des Affaires \u00e9trang\u00e8res, Louis Michel avait affirm\u00e9, pour sa part, que les jeunes filles musulmanes ne devaient pas porter le voile dans les \u00e9coles et les \u00e9tablissements scolaires. Il avait m\u00eame ajout\u00e9 que les employ\u00e9es ne devaient pas porter, elles non plus, des signes religieux dont le voile. En tout \u00e9tat de cause, le minist\u00e8re belge de l&rsquo;Int\u00e9rieur a pr\u00e9sent\u00e9 au parlement un projet de loi pour interdire le port du Hidjab dans les \u00e9coles et les \u00e9tablissements scolaires. La loi a \u00e9t\u00e9 approuv\u00e9e par le parlement et appliqu\u00e9 dans les \u00e9coles de Belgique \u00e0 partir de septembre 2004. En effet, en Belgique, le l\u00e9gislateur s&rsquo;est inspir\u00e9 de la loi fran\u00e7aise, pour imposer des restrictions concernant le port des signes religieux notamment le voile des femmes musulmanes. Le ministre belge de l&rsquo;Int\u00e9rieur avait d\u00e9clar\u00e9 que le port des signes religieux ostentatoires signifiait le non respect de la s\u00e9paration de la religion et de la politique, et qu&rsquo;il serait contraire aux principes d\u00e9mocratiques du pays. En r\u00e9action \u00e0 ses propos, 15 groupes et organisations islamiques de la Belgique ont protest\u00e9 ensemble en publiant un communiqu\u00e9 commun pour pr\u00e9ciser que le porte du voile est une obligation religieuse pour les femmes musulmanes et que ces derni\u00e8res ne se sentent pas oblig\u00e9es par les hommes \u00e0 porter le Hidjab.<\/p>\n<p>&nbsp;<\/p>\n<p>Dans les h\u00f4pitaux, de Bruxelles, le port du foulard islamique a \u00e9t\u00e9 interdit. La m\u00eame interdiction s&rsquo;est appliqu\u00e9e dans les universit\u00e9s et \u00e9coles de m\u00e9decine. A titre d&rsquo;exemple, l&rsquo;Universit\u00e9 libre de Bruxelles a interdit \u00e0 ses internes de porter le voile islamique dans les \u00e9tablissements hospitaliers et des cliniques.<\/p>\n<p>&nbsp;<\/p>\n<p>Il est pourtant \u00e0 noter que la constitution belge compte l&rsquo;une des lois fondamentales les plus progressistes et les plus compl\u00e8tes du monde, et qu&rsquo;elle n&rsquo;interdit aucunement le port des signes religieux par les citoyens. Cependant, le gouvernement belge a transmis certaines pr\u00e9rogatives aux \u00e9tablissements publics leur permettant de d\u00e9cider eux-m\u00eames \u00e0 propos de l&rsquo;interdiction ou de la restriction du port du voile des femmes musulmanes. Selon les repr\u00e9sentants des groupes et des organisations islamiques de la Belgique, cette d\u00e9cision du gouvernement va \u00e0 l&rsquo;encontre de l&rsquo;article 9 de la D\u00e9claration universelle des droits de l&rsquo;Homme concernant la libert\u00e9 de culte et de pens\u00e9e pour tous les \u00eatres humains.<\/p>\n<p>AUTEUR: DR. MOHAMMAD-REZA REZVANTALAB<\/p>\n","protected":false},"excerpt":{"rendered":"<p>&nbsp; Avant la p\u00e9riode du colonialisme, l&rsquo;Islam n&rsquo;avait pas une pr\u00e9sence marquante en Belgique. Mais apr\u00e8s la fin de la Seconde Guerre mondiale, l\u00e0 o\u00f9 le march\u00e9 de travail de la Belgique avait besoin de la main d&rsquo;\u0153uvre des pays musulmans, les fronti\u00e8res de la Belgique s&rsquo;ouvre sur les immigr\u00e9s musulmans venus essentiellement du Maroc [&hellip;]<\/p>\n","protected":false},"author":1,"featured_media":3398,"comment_status":"open","ping_status":"open","sticky":false,"template":"","format":"standard","meta":{"footnotes":""},"categories":[6],"tags":[1637,930],"class_list":["post-4419","post","type-post","status-publish","format-standard","has-post-thumbnail","hentry","category-estebsar-story","tag-belgique","tag-musulmans","has-post-title","has-post-date","has-post-category","has-post-tag","has-post-comment","has-post-author",""],"_links":{"self":[{"href":"https:\/\/al-mostabserin.com\/french\/wp-json\/wp\/v2\/posts\/4419","targetHints":{"allow":["GET"]}}],"collection":[{"href":"https:\/\/al-mostabserin.com\/french\/wp-json\/wp\/v2\/posts"}],"about":[{"href":"https:\/\/al-mostabserin.com\/french\/wp-json\/wp\/v2\/types\/post"}],"author":[{"embeddable":true,"href":"https:\/\/al-mostabserin.com\/french\/wp-json\/wp\/v2\/users\/1"}],"replies":[{"embeddable":true,"href":"https:\/\/al-mostabserin.com\/french\/wp-json\/wp\/v2\/comments?post=4419"}],"version-history":[{"count":1,"href":"https:\/\/al-mostabserin.com\/french\/wp-json\/wp\/v2\/posts\/4419\/revisions"}],"predecessor-version":[{"id":4420,"href":"https:\/\/al-mostabserin.com\/french\/wp-json\/wp\/v2\/posts\/4419\/revisions\/4420"}],"wp:featuredmedia":[{"embeddable":true,"href":"https:\/\/al-mostabserin.com\/french\/wp-json\/wp\/v2\/media\/3398"}],"wp:attachment":[{"href":"https:\/\/al-mostabserin.com\/french\/wp-json\/wp\/v2\/media?parent=4419"}],"wp:term":[{"taxonomy":"category","embeddable":true,"href":"https:\/\/al-mostabserin.com\/french\/wp-json\/wp\/v2\/categories?post=4419"},{"taxonomy":"post_tag","embeddable":true,"href":"https:\/\/al-mostabserin.com\/french\/wp-json\/wp\/v2\/tags?post=4419"}],"curies":[{"name":"wp","href":"https:\/\/api.w.org\/{rel}","templated":true}]}}