{"id":3216,"date":"2022-05-17T06:38:16","date_gmt":"2022-05-17T02:08:16","guid":{"rendered":"http:\/\/al-mostabserin.com\/french\/?p=3216"},"modified":"2022-05-14T22:43:00","modified_gmt":"2022-05-14T18:13:00","slug":"histoire-du-mausolee-dimam-ali-ibn-abou-talib-a-s","status":"publish","type":"post","link":"https:\/\/al-mostabserin.com\/french\/3216","title":{"rendered":"HISTOIRE DU MAUSOLEE D\u2019IMAM ALI IBN ABOU TALIB (a.s)"},"content":{"rendered":"<p>Tous ceux qui ont d\u00e9j\u00e0 eu l\u2019occasion de visiter Najaf se rappellent sans doute qu\u2019au nord et \u00e0 l\u2019est de la cit\u00e9, se trouvent des tombes \u00e0 perte de vue surmont\u00e9es d\u2019innombrables d\u00f4mes aux multiples couleurs: ces d\u00f4mes, vestiges d\u2019une \u00e9poque tr\u00e8s ancienne, sont aujourd\u2019hui quasiment en ruines. Pour se rendre \u00e0 Najaf, le voyageur doit emprunter une route sinueuse traversant le vaste cimeti\u00e8re qui constitue une v\u00e9ritable \u2018ville dans la ville\u2019.<\/p>\n<p><!--more--><\/p>\n<p>La visite du Proph\u00e8te Ibrahim (a.s) \u00e0 Najaf<\/p>\n<p>Le Proph\u00e8te Ibrahim (a.s) et son fils Issac se rendirent un jour \u00e0 Najaf; \u00e0 l\u2019\u00e9poque, cette r\u00e9gion \u00e9tait le th\u00e9\u00e2tre de fr\u00e9quents tremblements de terre. Mais durant tout le s\u00e9jour du Proph\u00e8te Ibrahim (a.s) \u00e0 Najaf, cette contr\u00e9e connut une heureuse accalmie.<\/p>\n<p>&nbsp;<\/p>\n<p>Une nuit, le Proph\u00e8te Ibrahim et Isaac (a.s) quitt\u00e8rent Najaf pour un village voisin et apr\u00e8s leur d\u00e9part, de fortes secousses sismiques reprirent de plus bel. Au retour du Proph\u00e8te Ibrahim (a.s) et Isaac (a.s), les habitants de la cit\u00e9 insist\u00e8rent fortement pour que le Proph\u00e8te habite d\u00e9sormais en permanence \u00e0 Najaf. Hazrat Ibrahim (a.s) c\u00e9da finalement \u00e0 leur demande sous r\u00e9serve que les habitants acceptent de lui vendre la vall\u00e9e situ\u00e9e \u00e0 l\u2019arri\u00e8re du village afin qu\u2019il puisse cultiver ces terres.<\/p>\n<p>Hazrat Isaac (a.s) tenta de convaincre son p\u00e8re d\u2019y renoncer. \u00a0\u00bb Ces terres ne se pr\u00eateraient ni aux cultures ni l\u2019\u00e9levage \u00a0\u00bb dit-il. Mais le Proph\u00e8te Ibrahim (a.s) pr\u00e9dit un grand \u00e9v\u00e9nement \u00e0 Hazrat Isaac (a.s): un jour, dit-il, on y trouverait une tombe et il y serait \u00e9rig\u00e9 un mausol\u00e9e par la gr\u00e2ce duquel soixante douze mille personnes acc\u00e9deraient au Paradis. En outre, ces heureuses personnes pourraient interc\u00e9der en faveur d\u2019autres croyants.<\/p>\n<p>&nbsp;<\/p>\n<p>La Vall\u00e9e que Hazrat Ibrahim (a.s) souhaitait acqu\u00e9rir s\u2019appelle la Vall\u00e9e de la Paix ou Wadiou\u2019s-Salaam.<\/p>\n<p>Et, il a \u00e9t\u00e9 rapport\u00e9 de notre quatri\u00e8me Imam, Imam Zainoul Abedine (a.s), un Hadith d\u2019Imam Ali (a.s) selon lequel cette Vall\u00e9e de la Paix fait partie int\u00e9grante du Paradis. Et que tout croyant o\u00f9 qu\u2019il se trouve, \u00e0 l\u2019Est comme \u00e0 l\u2019Ouest, s\u2019il venait \u00e0 mourir, son \u00e2me serait transport\u00e9e dans ce Paradis pour y trouver le repos et la qui\u00e8tude.<\/p>\n<p>&nbsp;<\/p>\n<p>Imam Ali (a.s) poursuit. \u00a0\u00bb Comme rien dans ce monde n\u2019est cach\u00e9 \u00e0 mes yeux, je vois tous ceux qui ont quitt\u00e9 ce monde, assis ici-m\u00eame, en groupes, discutant entre eux.\u00a0\u00bb<\/p>\n<p>&nbsp;<\/p>\n<p>L\u2019origine de l\u2019appellation de Najaf:<\/p>\n<p>Autrefois, une montagne dominait la r\u00e9gion de Najaf. Lorsque le Proph\u00e8te Nouh (a.s) finit de construire son arche, il re\u00e7ut l\u2019ordre d\u2019Allah (swt) de monter \u00e0 bord avec quelques paires d\u2019animaux et les siens.<\/p>\n<p>&nbsp;<\/p>\n<p>Kana\u00een, un des fils du Proph\u00e8te Nouh (a.s) qui avait rejet\u00e9 la croyance en Un Seul Dieu, refusa alors de prendre place \u00e0 bord de l\u2019arche. \u00a0\u00bb Je grimperai au sommet de cette montagne aussit\u00f4t que je verrai appara\u00eetre les premi\u00e8res eaux \u00a0\u00bb dit-il.<\/p>\n<p>&nbsp;<\/p>\n<p>Une r\u00e9v\u00e9lation p\u00e9n\u00e9tra alors la montagne: \u00ab\u00a0En vrai, vas-tu prot\u00e9ger un de mes fils du ch\u00e2timent d\u2019Allah (swt)? \u00a0\u00bb<\/p>\n<p>&nbsp;<\/p>\n<p>Et aussit\u00f4t, toute la montagne s\u2019effondra en un temps record: et c\u2019est ainsi que Kana\u00een fut emport\u00e9 par les vagues. Une large rivi\u00e8re se forma \u00e0 l\u2019endroit c\u00e9d\u00e9 par la montagne. Mais au fil du temps, la rivi\u00e8re s\u2019est tarie, et l\u2019endroit fut baptis\u00e9 Nay-Jaff, c\u2019est-\u00e0-dire \u00a0\u00bb la rivi\u00e8re ass\u00e9ch\u00e9e.<\/p>\n<p>&nbsp;<\/p>\n<p>\u00a0\u00bb (A suivre)<\/p>\n<p>&nbsp;<\/p>\n<p>Par Fr\u00e8re Sabir Charifou &#8211; Madressa de Paris Bagneux<\/p>\n","protected":false},"excerpt":{"rendered":"<p>Tous ceux qui ont d\u00e9j\u00e0 eu l\u2019occasion de visiter Najaf se rappellent sans doute qu\u2019au nord et \u00e0 l\u2019est de la cit\u00e9, se trouvent des tombes \u00e0 perte de vue surmont\u00e9es d\u2019innombrables d\u00f4mes aux multiples couleurs: ces d\u00f4mes, vestiges d\u2019une \u00e9poque tr\u00e8s ancienne, sont aujourd\u2019hui quasiment en ruines. Pour se rendre \u00e0 Najaf, le voyageur [&hellip;]<\/p>\n","protected":false},"author":1,"featured_media":3080,"comment_status":"open","ping_status":"open","sticky":false,"template":"","format":"standard","meta":{"footnotes":""},"categories":[6],"tags":[37,850],"class_list":["post-3216","post","type-post","status-publish","format-standard","has-post-thumbnail","hentry","category-estebsar-story","tag-imam-ali","tag-mausolee","has-post-title","has-post-date","has-post-category","has-post-tag","has-post-comment","has-post-author",""],"_links":{"self":[{"href":"https:\/\/al-mostabserin.com\/french\/wp-json\/wp\/v2\/posts\/3216","targetHints":{"allow":["GET"]}}],"collection":[{"href":"https:\/\/al-mostabserin.com\/french\/wp-json\/wp\/v2\/posts"}],"about":[{"href":"https:\/\/al-mostabserin.com\/french\/wp-json\/wp\/v2\/types\/post"}],"author":[{"embeddable":true,"href":"https:\/\/al-mostabserin.com\/french\/wp-json\/wp\/v2\/users\/1"}],"replies":[{"embeddable":true,"href":"https:\/\/al-mostabserin.com\/french\/wp-json\/wp\/v2\/comments?post=3216"}],"version-history":[{"count":2,"href":"https:\/\/al-mostabserin.com\/french\/wp-json\/wp\/v2\/posts\/3216\/revisions"}],"predecessor-version":[{"id":3218,"href":"https:\/\/al-mostabserin.com\/french\/wp-json\/wp\/v2\/posts\/3216\/revisions\/3218"}],"wp:featuredmedia":[{"embeddable":true,"href":"https:\/\/al-mostabserin.com\/french\/wp-json\/wp\/v2\/media\/3080"}],"wp:attachment":[{"href":"https:\/\/al-mostabserin.com\/french\/wp-json\/wp\/v2\/media?parent=3216"}],"wp:term":[{"taxonomy":"category","embeddable":true,"href":"https:\/\/al-mostabserin.com\/french\/wp-json\/wp\/v2\/categories?post=3216"},{"taxonomy":"post_tag","embeddable":true,"href":"https:\/\/al-mostabserin.com\/french\/wp-json\/wp\/v2\/tags?post=3216"}],"curies":[{"name":"wp","href":"https:\/\/api.w.org\/{rel}","templated":true}]}}