{"id":204,"date":"2021-08-08T19:32:40","date_gmt":"2021-08-08T15:02:40","guid":{"rendered":"http:\/\/al-mostabserin.com\/french\/?p=204"},"modified":"2021-08-08T19:33:17","modified_gmt":"2021-08-08T15:03:17","slug":"limam-ali-as-de-sa-naissance-jusqua-sa-mort","status":"publish","type":"post","link":"https:\/\/al-mostabserin.com\/french\/204","title":{"rendered":"L\u2019Imam Ali (as) de sa naissance jusqu\u2019\u00e0 son martyre"},"content":{"rendered":"<p>est livre \u00e9crit par Sayed Mohammed Kadim Qazwini et \u00e9dit\u00e9 en fran\u00e7ais par le Centre Zahra. Le but premier du livre est de pr\u00e9senter la biographie de l\u2019imam Ali ibn Abi Taleb (as) avec les moments les plus cruciaux de sa vie.<\/p>\n<p><a href=\"http:\/\/al-mostabserin.com\/french\/wp-content\/uploads\/2021\/08\/Sayed-Mohammed-Kadim-Qazwini.jpg\"><img loading=\"lazy\" decoding=\"async\" class=\"alignleft size-medium wp-image-205\" src=\"http:\/\/al-mostabserin.com\/french\/wp-content\/uploads\/2021\/08\/Sayed-Mohammed-Kadim-Qazwini-227x300.jpg\" alt=\"\" width=\"227\" height=\"300\" srcset=\"https:\/\/al-mostabserin.com\/french\/wp-content\/uploads\/2021\/08\/Sayed-Mohammed-Kadim-Qazwini-227x300.jpg 227w, https:\/\/al-mostabserin.com\/french\/wp-content\/uploads\/2021\/08\/Sayed-Mohammed-Kadim-Qazwini.jpg 378w\" sizes=\"auto, (max-width: 227px) 100vw, 227px\" \/><\/a><\/p>\n<p>&nbsp;<\/p>\n<p>&nbsp;<\/p>\n<p>&nbsp;<\/p>\n<p>&nbsp;<\/p>\n<p>&nbsp;<\/p>\n<p>&nbsp;<\/p>\n<p>&nbsp;<\/p>\n<p>&nbsp;<\/p>\n<p><a href=\"http:\/\/al-mostabserin.com\/french\/wp-content\/uploads\/2021\/08\/LImam-Ali-de-sa-naissance-jusqua-sa-mort-Qazwini.pdf\">L\u2019Imam-Ali-de-sa-naissance-jusqu\u00e0-sa-mort-Qazwini<\/a><\/p>\n<!--themify_builder_content-->\n<div id=\"themify_builder_content-204\" data-postid=\"204\" class=\"themify_builder_content themify_builder_content-204 themify_builder tf_clear\">\n    <\/div>\n<!--\/themify_builder_content-->\n","protected":false},"excerpt":{"rendered":"<p>est livre \u00e9crit par Sayed Mohammed Kadim Qazwini et \u00e9dit\u00e9 en fran\u00e7ais par le Centre Zahra. Le but premier du livre est de pr\u00e9senter la biographie de l\u2019imam Ali ibn Abi Taleb (as) avec les moments les plus cruciaux de sa vie. &nbsp; &nbsp; &nbsp; &nbsp; &nbsp; &nbsp; &nbsp; &nbsp; L\u2019Imam-Ali-de-sa-naissance-jusqu\u00e0-sa-mort-Qazwini<\/p>\n","protected":false},"author":1,"featured_media":0,"comment_status":"open","ping_status":"open","sticky":false,"template":"","format":"standard","meta":{"footnotes":""},"categories":[10],"tags":[37],"class_list":["post-204","post","type-post","status-publish","format-standard","hentry","category-works","tag-imam-ali","has-post-title","has-post-date","has-post-category","has-post-tag","has-post-comment","has-post-author",""],"_links":{"self":[{"href":"https:\/\/al-mostabserin.com\/french\/wp-json\/wp\/v2\/posts\/204","targetHints":{"allow":["GET"]}}],"collection":[{"href":"https:\/\/al-mostabserin.com\/french\/wp-json\/wp\/v2\/posts"}],"about":[{"href":"https:\/\/al-mostabserin.com\/french\/wp-json\/wp\/v2\/types\/post"}],"author":[{"embeddable":true,"href":"https:\/\/al-mostabserin.com\/french\/wp-json\/wp\/v2\/users\/1"}],"replies":[{"embeddable":true,"href":"https:\/\/al-mostabserin.com\/french\/wp-json\/wp\/v2\/comments?post=204"}],"version-history":[{"count":4,"href":"https:\/\/al-mostabserin.com\/french\/wp-json\/wp\/v2\/posts\/204\/revisions"}],"predecessor-version":[{"id":210,"href":"https:\/\/al-mostabserin.com\/french\/wp-json\/wp\/v2\/posts\/204\/revisions\/210"}],"wp:attachment":[{"href":"https:\/\/al-mostabserin.com\/french\/wp-json\/wp\/v2\/media?parent=204"}],"wp:term":[{"taxonomy":"category","embeddable":true,"href":"https:\/\/al-mostabserin.com\/french\/wp-json\/wp\/v2\/categories?post=204"},{"taxonomy":"post_tag","embeddable":true,"href":"https:\/\/al-mostabserin.com\/french\/wp-json\/wp\/v2\/tags?post=204"}],"curies":[{"name":"wp","href":"https:\/\/api.w.org\/{rel}","templated":true}]}}