{"id":2353,"date":"2022-09-20T17:18:38","date_gmt":"2022-09-20T14:18:38","guid":{"rendered":"http:\/\/al-mostabserin.com\/turkish\/?p=2353"},"modified":"2022-09-20T17:18:38","modified_gmt":"2022-09-20T14:18:38","slug":"imam-seccad-a-s-ve-ibadetin-onemi","status":"publish","type":"post","link":"http:\/\/al-mostabserin.com\/turkish\/2353\/","title":{"rendered":"\u0130mam Seccad (a.s) ve \u0130badetin \u00d6nemi"},"content":{"rendered":"<p style=\"text-align: center;\"><img loading=\"lazy\" decoding=\"async\" class=\"alignnone size-medium wp-image-2358\" src=\"http:\/\/al-mostabserin.com\/turkish\/wp-content\/uploads\/2022\/09\/269939-300x185.jpg\" alt=\"\" width=\"300\" height=\"185\" srcset=\"http:\/\/al-mostabserin.com\/turkish\/wp-content\/uploads\/2022\/09\/269939-300x185.jpg 300w, http:\/\/al-mostabserin.com\/turkish\/wp-content\/uploads\/2022\/09\/269939.jpg 424w\" sizes=\"auto, (max-width: 300px) 100vw, 300px\" \/><\/p>\n<p>Hz. Ali (a.s)\u2019\u0131n k\u0131z\u0131 Fat\u0131ma, bir g\u00fcn \u0130mam Zeyn\u2019ul- Abidin (a.s)\u2019\u0131n, \u00e7ok ibadet etmesinden dolay\u0131 g\u00fc\u00e7s\u00fcz ve zay\u0131f bir duruma d\u00fc\u015fm\u00fc\u015f m\u00fcbarek bedenini g\u00f6r\u00fcnce, hemen Cabir\u2019in yan\u0131na gelerek \u015f\u00f6yle dedi:<!--more--><br \/>\n\u201cEy Cabir! Ey Resulullah\u2019\u0131n sahabesi! Bizim sizin \u00fczerinizde bir tak\u0131m haklar\u0131m\u0131z vard\u0131r; onlardan biri \u015fudur ki; e\u011fer bizlerden birisinin \u00e7ok ibadet etmekle kendisini tehlikeye d\u00fc\u015f\u00fcrd\u00fc\u011f\u00fcn\u00fc g\u00f6rd\u00fc\u011f\u00fcn\u00fczde can\u0131n\u0131 korumas\u0131 i\u00e7in onu uyarman\u0131zd\u0131r. \u015eimdi karde\u015fimin yadigar\u0131 olan Ali bin H\u00fcseyin (a.s), \u00e7ok ibadet etmekle kendisini zay\u0131f bir duruma d\u00fc\u015f\u00fcrm\u00fc\u015f, onun al\u0131n ve dizleri nas\u0131r ba\u011flam\u0131\u015ft\u0131r.\u201d<br \/>\nCabir bu s\u00f6z \u00fczerine, d\u00f6rd\u00fcnc\u00fc \u0130mam (a.s)\u2019\u0131n evine do\u011fru hareket etti. Kap\u0131n\u0131n \u00f6n\u00fcnde, Beni Ha\u015fim\u2019den olan di\u011fer \u00e7ocuklarla oynayan bir \u00e7ocuk g\u00f6rd\u00fc. Cabir bu \u00e7ocu\u011fun y\u00fcr\u00fcmesine dikkatlice bakt\u0131, kendine; \u201cBu y\u00fcr\u00fcy\u00fc\u015f Hz. Peygamber\u2019in y\u00fcr\u00fcy\u00fc\u015f\u00fcn\u00fcn ayn\u0131s\u0131d\u0131r\u201d dedi. Daha sonra \u00e7ocu\u011fa; \u201cEvlad\u0131m ismin nedir?\u201d diye sordu.<br \/>\n<a name=\"1\"><\/a><\/p>\n<div class=\"text\">O \u00e7ocuk: \u201cBen Ali bin H\u00fcseyin\u2019in o\u011flu Muhammed\u2019im\u201d dedi.<\/div>\n<p>Cabir bu s\u00f6z\u00fc ondan duyunca \u015fiddetle a\u011flayarak \u015f\u00f6yle dedi: \u201cBabam sana feda olsun! Yak\u0131na gel.\u201d<br \/>\n\u0130mam Muhammed Bak\u0131r (a.s), Cabir\u2019in yan\u0131na geldi: Cabir \u0130mam Muhammed Bak\u0131r (a.s)\u2019\u0131n g\u00f6mle\u011finin d\u00fc\u011fmelerini a\u00e7arak elini Hazretin g\u00f6\u011fs\u00fcne b\u0131rakt\u0131 ve \u00f6perek \u015f\u00f6yle dedi:<br \/>\n\u201cBen Hz. Peygamber (s.a.a)\u2019in selam\u0131n\u0131 sana iletiyorum, Resulullah bana seni g\u00f6r\u00fcnce b\u00f6yle davranmam\u0131 emretmi\u015fti.\u201d<br \/>\nDaha sonra; \u201cDe\u011ferli babandan, benim i\u00e7in izin al\u201d dedi.<br \/>\n\u0130mam Bak\u0131r (a.s) da, babas\u0131n\u0131n yan\u0131na giderek ya\u015fl\u0131 adam\u0131n hareketleriyle s\u00f6yledi\u011fi s\u00f6z\u00fcn\u00fc babas\u0131na nakletti:<br \/>\n<a name=\"1\"><\/a><\/p>\n<div class=\"text\">\u0130mam Zeyn\u2019ul- Abidin (a.s) \u015f\u00f6yle buyurdular:<\/div>\n<p>\u201cO\u011flum! O Cabir\u2019dir; s\u00f6yle i\u00e7eri gelsin.\u201d<br \/>\nCabir i\u00e7eri girdi\u011finde \u0130mam (a.s)\u2019\u0131 mihrapta, \u00e7ok ibadet etmesi neticesinde bedeninin ezik ve g\u00fc\u00e7s\u00fcz bir duruma d\u00fc\u015ft\u00fc\u011f\u00fcn\u00fc g\u00f6rd\u00fc. \u0130mam (a.s) Cabir\u2019e sayg\u0131 i\u00e7in aya\u011fa kalkt\u0131, onun hal ve hat\u0131r\u0131n\u0131 sorarak kendi yan\u0131na oturttu.<br \/>\nCabir \u015f\u00f6yle arz etti: \u201cEy Peygamber\u2019in o\u011flu! Allah Teala cenneti siz ve dostlar\u0131n\u0131z, cehennemi ise d\u00fc\u015fmanlar\u0131n\u0131z i\u00e7in yaratm\u0131\u015f oldu\u011funu bildi\u011finiz halde, ibadet etmede bunca \u00e7aba ve zahmetin sebebi nedir?<br \/>\n<a name=\"1\"><\/a><\/p>\n<div class=\"text\">\u0130mam (a.s) \u015f\u00f6yle buyurdular:<\/div>\n<p>\u201cAllah Teala Kur\u2019\u00e2n\u2019da Hz. Peygamber\u2019e hitaben, \u201cSenin g\u00fcnahlar\u0131n\u0131n hepsini affetmi\u015fiz\u201d buyurmas\u0131na ra\u011fmen yine de ceddim Resulullah\u2019\u0131n -anam babam ona feda olsun- ayaklar\u0131 \u015fi\u015fecek bir \u015fekilde ibadet etti\u011fini g\u00f6rmedin mi? Hz. Peygamber\u2019e; \u201cSiz bu makama sahip olman\u0131za ra\u011fmen yine b\u00f6ylesine ibadet mi ediyorsunuz? dediklerinde Hazret \u015f\u00f6yle buyurdular: \u201cAllah\u2019a \u015f\u00fckreden bir kul olmayay\u0131m m\u0131?\u201d<br \/>\nCabir, s\u00f6zlerinin \u0130mam (a.s)\u2019a tesir etmeyece\u011fini ve O Hazreti bu me\u015fakkatli tav\u0131rdan al\u0131 koymayaca\u011f\u0131n\u0131 anlay\u0131nca \u015f\u00f6yle arz etti:<br \/>\n\u201cEy peygamber\u2019in o\u011flu! O halde en az\u0131ndan can\u0131n\u0131 koru. \u00c7\u00fcnk\u00fc siz \u00f6yle bir ailedensiniz ki, bela ve s\u0131k\u0131nt\u0131lar o aile vas\u0131tas\u0131yla def olur, rahmet ya\u011fmuru onlar\u0131n v\u00fccudu bereketiyle nazil olur.\u201d<br \/>\n\u0130mam (a.s) Cabir\u2019in s\u00f6zlerini dinledikten sonra \u015f\u00f6yle buyurdular:<br \/>\n\u201cEy Cabir! Ben babalar\u0131ma kavu\u015fana dek, onlar\u0131n tuttuklar\u0131 yol ve amellerden vazge\u00e7meyece\u011fim.\u201d<br \/>\n<a name=\"1\"><\/a><\/p>\n<div class=\"text\">Cabir, \u0130mam (a.s)\u2019\u0131n bu s\u00f6z\u00fcn\u00fc duyunca \u015f\u00f6yle dedi:<\/div>\n<p>\u201cAllah\u2019a and olsun ki, Hz. Peygamber\u2019in evlatlar\u0131 aras\u0131nda, Yusuf peygamberden ba\u015fka Ali bin H\u00fcseyin gibi bir kimseyi g\u00f6remiyorum. Allah\u2019a and olsun ki, y\u00fcce \u015fahsiyetin evlatlar\u0131, Hz. Yusuf\u2019un evlatlar\u0131ndan daha iyiler, bunun evlatlar\u0131 aras\u0131nda, yery\u00fcz\u00fcn\u00fcn zul\u00fcmle doldu\u011fu bir s\u0131rada adaletle dolduracak olan bir kimse (Hz. Mehdi) vard\u0131r.\u201d<br \/>\n(Bihar, c. 46, s. 60)<\/p>\n<p>&#8230;&#8230;&#8230;<\/p>\n<p><a href=\"https:\/\/www.erfan.ir\/turkish\/82971.html\">www.erfan.ir<\/a><\/p>\n","protected":false},"excerpt":{"rendered":"<p>Hz. Ali (a.s)\u2019\u0131n k\u0131z\u0131 Fat\u0131ma, bir g\u00fcn \u0130mam Zeyn\u2019ul- Abidin (a.s)\u2019\u0131n, \u00e7ok ibadet etmesinden dolay\u0131 g\u00fc\u00e7s\u00fcz ve zay\u0131f bir duruma d\u00fc\u015fm\u00fc\u015f m\u00fcbarek bedenini g\u00f6r\u00fcnce, hemen Cabir\u2019in yan\u0131na gelerek \u015f\u00f6yle dedi:<\/p>\n","protected":false},"author":1,"featured_media":0,"comment_status":"open","ping_status":"open","sticky":false,"template":"","format":"standard","meta":{"footnotes":""},"categories":[278],"tags":[124],"class_list":["post-2353","post","type-post","status-publish","format-standard","hentry","category-articles-of-faith","tag-imam-seccad-a-s","has-post-title","has-post-date","has-post-category","has-post-tag","has-post-comment","has-post-author",""],"_links":{"self":[{"href":"http:\/\/al-mostabserin.com\/turkish\/wp-json\/wp\/v2\/posts\/2353","targetHints":{"allow":["GET"]}}],"collection":[{"href":"http:\/\/al-mostabserin.com\/turkish\/wp-json\/wp\/v2\/posts"}],"about":[{"href":"http:\/\/al-mostabserin.com\/turkish\/wp-json\/wp\/v2\/types\/post"}],"author":[{"embeddable":true,"href":"http:\/\/al-mostabserin.com\/turkish\/wp-json\/wp\/v2\/users\/1"}],"replies":[{"embeddable":true,"href":"http:\/\/al-mostabserin.com\/turkish\/wp-json\/wp\/v2\/comments?post=2353"}],"version-history":[{"count":2,"href":"http:\/\/al-mostabserin.com\/turkish\/wp-json\/wp\/v2\/posts\/2353\/revisions"}],"predecessor-version":[{"id":2360,"href":"http:\/\/al-mostabserin.com\/turkish\/wp-json\/wp\/v2\/posts\/2353\/revisions\/2360"}],"wp:attachment":[{"href":"http:\/\/al-mostabserin.com\/turkish\/wp-json\/wp\/v2\/media?parent=2353"}],"wp:term":[{"taxonomy":"category","embeddable":true,"href":"http:\/\/al-mostabserin.com\/turkish\/wp-json\/wp\/v2\/categories?post=2353"},{"taxonomy":"post_tag","embeddable":true,"href":"http:\/\/al-mostabserin.com\/turkish\/wp-json\/wp\/v2\/tags?post=2353"}],"curies":[{"name":"wp","href":"https:\/\/api.w.org\/{rel}","templated":true}]}}